{"id":31409,"date":"2020-09-13T16:13:04","date_gmt":"2020-09-13T14:13:04","guid":{"rendered":"https:\/\/www.agrupament.cat\/portal\/?p=31409"},"modified":"2020-09-13T16:36:56","modified_gmt":"2020-09-13T14:36:56","slug":"rodalies-de-catalunya-recupera-el-servei-habitual-a-les-linies-r7-i-r8-a-partir-de-dema","status":"publish","type":"post","link":"https:\/\/www.agrupament.cat\/portal\/2020\/09\/rodalies-de-catalunya-recupera-el-servei-habitual-a-les-linies-r7-i-r8-a-partir-de-dema\/","title":{"rendered":"Rodalies de Catalunya recupera el servei habitual a les l\u00ednies R7 i R8 a partir de dem\u00e0"},"content":{"rendered":"<p>Recuperaci\u00f3 R7-R8 &#8211; Reestructuraci\u00f3 R3<br \/>\n<strong>\u00b7 Es recupera el 100% de l\u2019oferta a les l\u00ednies R7 i R8<\/strong><br \/>\n<strong>\u00b7 Tamb\u00e9 es reestructura el servei de la l\u00ednia R3, el que permetr\u00e0 recuperar els trens semidirectes a Ripoll<\/strong><\/p>\n<p>A partir de dem\u00e0 14 de setembre, Rodalies de Catalunya recuperar\u00e0 els horaris habituals a les l\u00ednies R7 (Barcelona Sant Andreu Arenal \u2013 Cerdanyola Universitat) i R8 (Martorell \u2013 Granollers Centre) previs al tancament dels centres educatius, entre ells Universitat Aut\u00f2noma de Barcelona.<\/p>\n<p>Derivat de les mesures de servei adoptades amb motiu del Covid-19 de forma coordinada amb el titular del servei, al restar tancada la UAB no es presta servei a la l\u00ednia R7 i l\u2019R8 circulava al 50% de la seva oferta.<\/p>\n<p><strong>Modificaci\u00f3 servei R3<\/strong><br \/>\nA m\u00e9s, a partir de dem\u00e0, tamb\u00e9 es reajusten els horaris de la l\u00ednia R3, el que permet recuperar el servei dels trens semidirectes de la relaci\u00f3 Ripoll \u2013 Vic \u2013 Barcelona.<br \/>\nRipoll 07.18 \u2013 L\u2019Hospitalet de Llobregat 09.09<br \/>\nL\u2019Hospitalet 18.19 \u2013 Ripoll 20.05<\/p>\n<p><strong>Els clients poden consultar els horaris i itineraris a trav\u00e9s dels webs <span style=\"color: #ff6600;\"><a style=\"color: #ff6600;\" href=\"http:\/\/rodalies.gencat.cat\/ca\/inici\/\">rodaliesdecatalunya.cat<\/a><\/span> i <a href=\"http:\/\/www.renfe.com\"><span style=\"color: #800080;\">renfe.com<\/span><\/a>, app Rodalies i Renfe Cercan\u00edas, aix\u00ed com al tel\u00e8fon d\u2019informaci\u00f3 <span style=\"color: #ff6600;\">900 41 00 41<\/span>.<\/strong><br \/>\n&#8211;<img loading=\"lazy\" decoding=\"async\" class=\"alignleft size-full wp-image-31411\" src=\"https:\/\/www.agrupament.cat\/portal\/wp-content\/uploads\/2020\/09\/Renfe-us-obligatori-de-marcareta.png\" alt=\"\" width=\"413\" height=\"97\" srcset=\"https:\/\/www.agrupament.cat\/portal\/wp-content\/uploads\/2020\/09\/Renfe-us-obligatori-de-marcareta.png 413w, https:\/\/www.agrupament.cat\/portal\/wp-content\/uploads\/2020\/09\/Renfe-us-obligatori-de-marcareta-300x70.png 300w\" sizes=\"auto, (max-width: 413px) 100vw, 413px\" \/><\/p>\n","protected":false},"excerpt":{"rendered":"<p>Recuperaci\u00f3 R7-R8 &#8211; Reestructuraci\u00f3 R3 \u00b7 Es recupera el 100% de l\u2019oferta a les l\u00ednies R7 i R8 \u00b7 Tamb\u00e9<\/p>\n","protected":false},"author":4,"featured_media":23685,"comment_status":"closed","ping_status":"open","sticky":false,"template":"","format":"standard","meta":{"footnotes":""},"categories":[818],"tags":[142,362,208,72,583,44],"class_list":["post-31409","post","type-post","status-publish","format-standard","has-post-thumbnail","hentry","category-notes-de-premsa","tag-r03-lhospitalet-de-llobregat-a-la-tour-de-carolt","tag-r07-barcelona-sant-andreu-arenal-a-cerdanyola-universitat","tag-r08-martorell-a-granollers-centre-per-cerdanyola-universitat","tag-renfe-operadora","tag-restabliment-del-servei","tag-rodalies-cercanias","comments-off"],"_links":{"self":[{"href":"https:\/\/www.agrupament.cat\/portal\/wp-json\/wp\/v2\/posts\/31409","targetHints":{"allow":["GET"]}}],"collection":[{"href":"https:\/\/www.agrupament.cat\/portal\/wp-json\/wp\/v2\/posts"}],"about":[{"href":"https:\/\/www.agrupament.cat\/portal\/wp-json\/wp\/v2\/types\/post"}],"author":[{"embeddable":true,"href":"https:\/\/www.agrupament.cat\/portal\/wp-json\/wp\/v2\/users\/4"}],"replies":[{"embeddable":true,"href":"https:\/\/www.agrupament.cat\/portal\/wp-json\/wp\/v2\/comments?post=31409"}],"version-history":[{"count":2,"href":"https:\/\/www.agrupament.cat\/portal\/wp-json\/wp\/v2\/posts\/31409\/revisions"}],"predecessor-version":[{"id":31412,"href":"https:\/\/www.agrupament.cat\/portal\/wp-json\/wp\/v2\/posts\/31409\/revisions\/31412"}],"wp:featuredmedia":[{"embeddable":true,"href":"https:\/\/www.agrupament.cat\/portal\/wp-json\/wp\/v2\/media\/23685"}],"wp:attachment":[{"href":"https:\/\/www.agrupament.cat\/portal\/wp-json\/wp\/v2\/media?parent=31409"}],"wp:term":[{"taxonomy":"category","embeddable":true,"href":"https:\/\/www.agrupament.cat\/portal\/wp-json\/wp\/v2\/categories?post=31409"},{"taxonomy":"post_tag","embeddable":true,"href":"https:\/\/www.agrupament.cat\/portal\/wp-json\/wp\/v2\/tags?post=31409"}],"curies":[{"name":"wp","href":"https:\/\/api.w.org\/{rel}","templated":true}]}}