{"id":31386,"date":"2020-09-10T18:41:35","date_gmt":"2020-09-10T16:41:35","guid":{"rendered":"https:\/\/www.agrupament.cat\/portal\/?p=31386"},"modified":"2020-09-10T18:41:35","modified_gmt":"2020-09-10T16:41:35","slug":"el-conseller-calvet-defensa-els-eixos-de-la-politica-catalana-de-mobilitat-a-la-conferencia-nacional-de-transports","status":"publish","type":"post","link":"https:\/\/www.agrupament.cat\/portal\/2020\/09\/el-conseller-calvet-defensa-els-eixos-de-la-politica-catalana-de-mobilitat-a-la-conferencia-nacional-de-transports\/","title":{"rendered":"El conseller Calvet defensa els eixos de la pol\u00edtica catalana de mobilitat a la Confer\u00e8ncia Nacional de Transports"},"content":{"rendered":"<p>10\/09\/2020<br \/>\n<strong>\u00b7 Es basen en el transport p\u00fablic, la descarbonitzaci\u00f3, la reorientaci\u00f3 de la ind\u00fastria de la mobilitat i el refor\u00e7 del finan\u00e7ament del sistema de transport p\u00fablic<\/strong><br \/>\n<strong>\u00b7 Calvet aposta per un model de finan\u00e7ament del sistema de transport p\u00fablic \u201cm\u00e9s finalista i amb garanties de continu\u00eftat\u201d perqu\u00e8 l\u2019actual \u00e9s \u201cmolt deficitari\u201d<\/strong><\/p>\n<p>El titular de Territori i Sostenibilitat ha assistit a la Confer\u00e8ncia Nacional de Transports, on el ministre \u00c1balos ha presentat l\u2019Estrat\u00e8gia de Mobilitat Segura, Sostenible i Connectada<\/p>\n<p><strong>Calvet, avui, durant la Confer\u00e8ncia Nacional de Transports telem\u00e0tica.<\/strong><br \/>\nEl conseller de Territori i Sostenilitat, Dami\u00e0 Calvet, ha defensat avui la pol\u00edtica catalana de mobilitat en el si de la Confer\u00e8ncia Nacional de Transports, presidida pel ministre de Transports, Mobilitat i Agenda Urbana, Jos\u00e9 Luis \u00c1balos. Aquesta pol\u00edtica, emmarcada en la Llei de Mobilitat aprovada fa 17 anys, es basa en el transport p\u00fablic, la descarbonitzaci\u00f3, la reorientaci\u00f3 de la ind\u00fastria de la mobilitat i el refor\u00e7 del finan\u00e7ament del sistema de transport p\u00fablic.<\/p>\n<p>Durant la Confer\u00e8ncia, el ministre ha presentat l\u2019Estrat\u00e8gia de Mobilitat Segura, Sostenible i Connectada, que \u00e9s un primer esborrany d\u2019una futura Llei de mobilitat estatal i que ara se sotmet a consulta p\u00fablica pr\u00e8via.<\/p>\n<p>En aquest context, Calvet ha volgut recordar que \u201cl\u2019any 2003, el Parlament de Catalunya va aprovar la Llei de mobilitat, que ja s\u2019orientava cap a una mobilitat segura, sostenible i adaptada als canvis tecnol\u00f2gics\u201d. En virtut d\u2019aquesta llei, \u201ca Catalunya portem tot aquest temps elaborant i aplicant plans que pretenen emmarcar la mobilitat amb aquest objectiu\u201d, ha recordat el conseller. L\u2019\u00faltim aprovat, el mes de juliol passat, \u00e9s de Pla director de mobilitat de la regi\u00f3 de Barcelona per al per\u00edode 2020-2025, que ja \u00e9s el tercer per a aquest \u00e0mbit territorial.<\/p>\n<p>Atesa la traject\u00f2ria de la llei catalana i el treball impulsat des de llavors, Calvet ha advertit que \u201cno donarem la benvinguda a cap estrat\u00e8gia que disminueixi la nostra capacitat d\u2019actuaci\u00f3 en aquestes mat\u00e8ries o vulgui alterar el model de planificaci\u00f3 que hem adoptat i que fa 17 anys que apliquem\u201d. En canvi, ha assegurat, \u201cho celebrarem i col\u00b7laborarem si l\u2019Estrat\u00e8gia\u201d estatal \u201cel refor\u00e7a i ens dona m\u00e9s instruments per poder ser efica\u00e7os\u201d.<\/p>\n<p><strong>Els cinc pilars de la pol\u00edtica catalana<\/strong><br \/>\nDurant la Confer\u00e8ncia telem\u00e0tica, el titular del DTES ha posat en valor els cinc pilars sobre els quals el Govern catal\u00e0 treballa les pol\u00edtiques de mobilitat i transport:<br \/>\n\u00b7 Una mobilitat vertebrada en el transport p\u00fablic i la micromobilitat<br \/>\n\u00b7 Unes fonts energ\u00e8tiques que se sustentin en l\u2019electricitat o en l\u2019hidrogen, segons les necessitats<br \/>\n\u00b7 Una decidida imbricaci\u00f3 de les pol\u00edtiques de mobilitat en les de canvi clim\u00e0tic, de qualitat de l\u2019aire i de nova agenda urbana<br \/>\n\u00b7 Una vinculaci\u00f3 clara de les actuacions a favor de la nova mobilitat amb les accions per refor\u00e7ar el sector industrial de la mobilitat perqu\u00e8 transformi la seva producci\u00f3 cap a les noves necessitats<br \/>\n\u00b7 Un comprom\u00eds econ\u00f2mic extraordinari per accelerar les inversions en infraestructures de transport p\u00fablic i impulsar la gran transformaci\u00f3 del model en 10 anys<\/p>\n<p>Precisament, Calvet ha recordat que el finan\u00e7ament del sistema de transport p\u00fablic \u00e9s \u201cenormement deficitari\u201d. \u201cNecessitem un model de finan\u00e7ament del transport p\u00fablic molt m\u00e9s finalista i amb garanties de continu\u00eftat\u201d, ha exposat Calvet al ministre \u00c1balos. \u201cNecessitem una certa revoluci\u00f3 en aquest terreny, perqu\u00e8 ni podem tenir incerteses de disponibilitats que limiten la capacitat de prendre decisions a mitj\u00e0 termini ni podem continuar esprement els pressupostos generals de les diferents administracions\u201d, ha finalitzat el conseller de TES.<\/p>\n","protected":false},"excerpt":{"rendered":"<p>10\/09\/2020 \u00b7 Es basen en el transport p\u00fablic, la descarbonitzaci\u00f3, la reorientaci\u00f3 de la ind\u00fastria de la mobilitat i el<\/p>\n","protected":false},"author":4,"featured_media":0,"comment_status":"closed","ping_status":"open","sticky":false,"template":"","format":"standard","meta":{"footnotes":""},"categories":[818],"tags":[73,680,865],"class_list":["post-31386","post","type-post","status-publish","format-standard","hentry","category-notes-de-premsa","tag-generalitat-de-catalunya-territori-i-sostenibilitat","tag-mobilitat","tag-transport-public","comments-off"],"_links":{"self":[{"href":"https:\/\/www.agrupament.cat\/portal\/wp-json\/wp\/v2\/posts\/31386","targetHints":{"allow":["GET"]}}],"collection":[{"href":"https:\/\/www.agrupament.cat\/portal\/wp-json\/wp\/v2\/posts"}],"about":[{"href":"https:\/\/www.agrupament.cat\/portal\/wp-json\/wp\/v2\/types\/post"}],"author":[{"embeddable":true,"href":"https:\/\/www.agrupament.cat\/portal\/wp-json\/wp\/v2\/users\/4"}],"replies":[{"embeddable":true,"href":"https:\/\/www.agrupament.cat\/portal\/wp-json\/wp\/v2\/comments?post=31386"}],"version-history":[{"count":1,"href":"https:\/\/www.agrupament.cat\/portal\/wp-json\/wp\/v2\/posts\/31386\/revisions"}],"predecessor-version":[{"id":31387,"href":"https:\/\/www.agrupament.cat\/portal\/wp-json\/wp\/v2\/posts\/31386\/revisions\/31387"}],"wp:attachment":[{"href":"https:\/\/www.agrupament.cat\/portal\/wp-json\/wp\/v2\/media?parent=31386"}],"wp:term":[{"taxonomy":"category","embeddable":true,"href":"https:\/\/www.agrupament.cat\/portal\/wp-json\/wp\/v2\/categories?post=31386"},{"taxonomy":"post_tag","embeddable":true,"href":"https:\/\/www.agrupament.cat\/portal\/wp-json\/wp\/v2\/tags?post=31386"}],"curies":[{"name":"wp","href":"https:\/\/api.w.org\/{rel}","templated":true}]}}