{"id":31331,"date":"2020-09-03T12:06:11","date_gmt":"2020-09-03T10:06:11","guid":{"rendered":"https:\/\/www.agrupament.cat\/portal\/?p=31331"},"modified":"2020-09-03T12:06:11","modified_gmt":"2020-09-03T10:06:11","slug":"abalos-anuncia-que-mitma-tendra-un-papel-protagonista-en-la-inversion-publica-y-en-los-estimulos-fiscales-a-traves-de-los-fondos-europeos","status":"publish","type":"post","link":"https:\/\/www.agrupament.cat\/portal\/2020\/09\/abalos-anuncia-que-mitma-tendra-un-papel-protagonista-en-la-inversion-publica-y-en-los-estimulos-fiscales-a-traves-de-los-fondos-europeos\/","title":{"rendered":"\u00c1balos anuncia que Mitma tendr\u00e1 un papel protagonista en la inversi\u00f3n p\u00fablica y en los est\u00edmulos fiscales a trav\u00e9s de los fondos europeos"},"content":{"rendered":"<p>Seminario \u201cLa inversi\u00f3n en obra p\u00fablica para la recuperaci\u00f3n econ\u00f3mica\u201d<br \/>\n<strong>\u00b7 El ministro ha asegurado que, a pesar de la pandemia, no ha habido una congelaci\u00f3n de la actividad y que, de hecho, hasta julio de 2020 se ha ejecutado obra p\u00fablica por valor de 150 millones de euros m\u00e1s que en el mismo periodo de 2019: un 5,2% m\u00e1s.<\/strong><br \/>\n<strong>\u00b7 Para \u00c1balos, el Plan de Recuperaci\u00f3n Europeo que ha asignado a Espa\u00f1a 140.000 millones de euros, supone una oportunidad para transformar y modernizar la inversi\u00f3n en infraestructuras y en movilidad, prioritariamente con un enfoque verde y digital.<\/strong><br \/>\n<strong>\u00b7 La situaci\u00f3n generada por la Covid-19, seg\u00fan el ministro, ha reforzado la importancia y la urgencia de las l\u00edneas sobre las que ya estaba trabajando el Ministerio, a trav\u00e9s de la Estrategia de Movilidad Segura, Sostenible y Conectada, y cuyo \u201cDocumento para el Debate\u201d ser\u00e1 presentado este mismo mes.<\/strong><\/p>\n<p>Madrid, 2 de septiembre de 2020 (Mitma).<br \/>\nEl ministro de Transportes, Movilidad y Agenda Urbana, Jos\u00e9 Luis \u00c1balos, ha anunciado hoy, en el Seminario \u201cLa Inversi\u00f3n en obra p\u00fablica para la recuperaci\u00f3n econ\u00f3mica\u201d, que Mitma tendr\u00e1 un papel protagonista en la inversi\u00f3n p\u00fablica y en los est\u00edmulos fiscales a trav\u00e9s de los fondos europeos del Plan de Recuperaci\u00f3n, acordados por el Consejo en julio.<\/p>\n<p>\u00c1balos ha inaugurado por videoconferencia este foro dedicado a \u201c<strong>Las infraestructuras en la era post Covid-19<\/strong>\u201d, organizado por la Universidad Internacional Men\u00e9ndez Pelayo, el Colegio de Ingenieros de Caminos, Canales y Puertos y la Fundaci\u00f3n Caminos, donde ha destacado el triple enfoque al que debe dirigirse la inversi\u00f3n p\u00fablica: Acelerar, fortalecer e impulsar la modernizaci\u00f3n de la econom\u00eda y la movilidad espa\u00f1olas, teniendo en cuenta el corto plazo pero tambi\u00e9n para disponer de una agenda a largo plazo para afrontar los desaf\u00edos.<\/p>\n<p>En lo que se refiere a la inversi\u00f3n en infraestructuras, el ministro ha asegurado que, a pesar de la pandemia, no ha habido una congelaci\u00f3n de la actividad y que, de hecho, \u201chasta julio de 2020 se ha ejecutado obra p\u00fablica por valor de 150 millones de euros m\u00e1s que en el mismo periodo de 2019: un 5,2% m\u00e1s pese al estado de alarma, el confinamiento y el pico de la pandemia\u201d.<\/p>\n<p>Aun cuando la prioridad del Ministerio en estos \u00faltimos meses ha sido combatir la pandemia y adecuar el sistema de transporte a la emergencia sanitaria, \u201cpara nosotros como principal organismo inversor de Espa\u00f1a era importante mantener los contratos y los contratistas para que no colapsara la inversi\u00f3n\u201d, ha subrayado el responsable del Departamento.<\/p>\n<p>Dentro de la gravedad de la situaci\u00f3n, el ministro ha mostrado su satisfacci\u00f3n por la nueva actitud de consenso de los socios europeos que impedir\u00e1 la reducci\u00f3n de un 70% en la inversi\u00f3n, como se produjo en la anterior crisis. \u201cEs, l\u00f3gicamente, una responsabilidad del Gobierno, pero el desaf\u00edo y el \u00e9xito nos ata\u00f1e a todos\u201d, ha expresado el ministro como alegato a la unidad de las distintas fuerzas de nuestro pa\u00eds.<\/p>\n<p><strong>Plan de Recuperaci\u00f3n Europeo<\/strong><br \/>\nPara \u00c1balos, el Plan de Recuperaci\u00f3n Europeo que ha asignado a Espa\u00f1a 140.000 millones de euros, supone una oportunidad para transformar y modernizar la inversi\u00f3n en infraestructuras y en movilidad, prioritariamente con un enfoque verde y digital que son, adem\u00e1s, las inversiones con mayor efecto multiplicador en la econom\u00eda.<\/p>\n<p>Invertir en actividades como: ampliar la red de recarga de veh\u00edculos el\u00e9ctricos, el despliegue de luces LED en ciudades, impulsar el transporte ferroviario -especialmente el metropolitano-, modernizar la gesti\u00f3n y el mantenimiento de la infraestructura, promover la movilidad saludable con carriles bici y zonas de bajas emisiones, reformar las viviendas para potenciar su salubridad y eficiencia energ\u00e9tica, o instalar sistemas inteligentes en los edificios e infraestructuras, \u201cno solo nos fortalecen en el largo plazo, sino que nos permiten generar m\u00e1s actividad en el corto plazo\u201d, ha afirmado el ministro.<\/p>\n<p>\u00c1balos ha puesto en valor que \u201clos requerimientos del Consejo Europeo no pillan a Espa\u00f1a con el paso cambiado. Al contrario, Espa\u00f1a ha sido parte decisiva para que fraguase el acuerdo en su orientaci\u00f3n reformista\u201d. En este sentido, en lo que se refiere al Ministerio de Transportes, Movilidad y Agenda Urbana, \u201cpodemos decir que esta vez Europa no nos \u201cimpone\u201d recortes y reformas, sino que nos impulsa a realizar las reformas en las que ya est\u00e1bamos trabajando\u201d.<\/p>\n<p><strong>Estrategia de Movilidad Segura, Sostenible y Conectada<\/strong><br \/>\nLa situaci\u00f3n generada por la Covid-19, seg\u00fan el responsable del Departamento, ha venido a reforzar la importancia y la urgencia de las l\u00edneas sobre las que ya estaba trabajando el Ministerio a trav\u00e9s de la Estrategia de Movilidad Segura, Sostenible y Conectada.<\/p>\n<p>Para afrontar esta estrategia, el ministro ha anunciado que este mismo mes se presentar\u00e1 el \u201cDocumento para el Debate\u201d, que cuenta ya con m\u00e1s de 40 l\u00edneas de actuaci\u00f3n y 150 medidas concretas, y que buscar\u00e1 el mayor consenso y unidad posibles entre administraciones, sector privado, asociaciones empresariales, universidad, centros de investigaci\u00f3n, expertos, sociedad civil y ciudadanos.<\/p>\n<p>Este documento incluye elementos principales tales como avanzar en la movilidad como un derecho, afrontar la emergencia clim\u00e1tica, abordar en las exigencias de transparencia y seguridad, atender los nuevos usos sociales y pautas de movilidad de la poblaci\u00f3n, aumentar la competitividad de la econom\u00eda y su productividad a trav\u00e9s de cadenas log\u00edsticas intermodales inteligentes y liderar algunos \u00e1mbitos del transporte, las nuevas tecnolog\u00edas, la digitalizaci\u00f3n y la conectividad.<\/p>\n","protected":false},"excerpt":{"rendered":"<p>Seminario \u201cLa inversi\u00f3n en obra p\u00fablica para la recuperaci\u00f3n econ\u00f3mica\u201d \u00b7 El ministro ha asegurado que, a pesar de la<\/p>\n","protected":false},"author":4,"featured_media":0,"comment_status":"closed","ping_status":"open","sticky":false,"template":"","format":"standard","meta":{"footnotes":""},"categories":[818],"tags":[898,961,69],"class_list":["post-31331","post","type-post","status-publish","format-standard","hentry","category-notes-de-premsa","tag-covid-19","tag-infraestructuras","tag-mitva-ministerio-de-fomento","comments-off"],"_links":{"self":[{"href":"https:\/\/www.agrupament.cat\/portal\/wp-json\/wp\/v2\/posts\/31331","targetHints":{"allow":["GET"]}}],"collection":[{"href":"https:\/\/www.agrupament.cat\/portal\/wp-json\/wp\/v2\/posts"}],"about":[{"href":"https:\/\/www.agrupament.cat\/portal\/wp-json\/wp\/v2\/types\/post"}],"author":[{"embeddable":true,"href":"https:\/\/www.agrupament.cat\/portal\/wp-json\/wp\/v2\/users\/4"}],"replies":[{"embeddable":true,"href":"https:\/\/www.agrupament.cat\/portal\/wp-json\/wp\/v2\/comments?post=31331"}],"version-history":[{"count":1,"href":"https:\/\/www.agrupament.cat\/portal\/wp-json\/wp\/v2\/posts\/31331\/revisions"}],"predecessor-version":[{"id":31332,"href":"https:\/\/www.agrupament.cat\/portal\/wp-json\/wp\/v2\/posts\/31331\/revisions\/31332"}],"wp:attachment":[{"href":"https:\/\/www.agrupament.cat\/portal\/wp-json\/wp\/v2\/media?parent=31331"}],"wp:term":[{"taxonomy":"category","embeddable":true,"href":"https:\/\/www.agrupament.cat\/portal\/wp-json\/wp\/v2\/categories?post=31331"},{"taxonomy":"post_tag","embeddable":true,"href":"https:\/\/www.agrupament.cat\/portal\/wp-json\/wp\/v2\/tags?post=31331"}],"curies":[{"name":"wp","href":"https:\/\/api.w.org\/{rel}","templated":true}]}}