{"id":31235,"date":"2020-07-18T08:00:00","date_gmt":"2020-07-18T06:00:00","guid":{"rendered":"https:\/\/www.agrupament.cat\/portal\/?p=31235"},"modified":"2020-07-19T18:03:49","modified_gmt":"2020-07-19T16:03:49","slug":"adif-avanza-en-los-trabajos-de-reparacion-y-mejora-en-la-infraestructura-ferroviaria-del-tramo-el-regueron-riquelme-murcia","status":"publish","type":"post","link":"https:\/\/www.agrupament.cat\/portal\/2020\/07\/adif-avanza-en-los-trabajos-de-reparacion-y-mejora-en-la-infraestructura-ferroviaria-del-tramo-el-regueron-riquelme-murcia\/","title":{"rendered":"Adif avanza en los trabajos de reparaci\u00f3n y mejora en la infraestructura ferroviaria del tramo El Reguer\u00f3n-Riquelme (Murcia)"},"content":{"rendered":"<p>L\u00ednea Chinchilla-Murcia-Cartagena<br \/>\n<strong>\u2022 Los trabajos consisten en el tratamiento de terraplenes y v\u00eda en diferentes puntos situados a lo largo de 12 km (entre los pp. kk. 471\/650 al 483\/620), con obras de reparaci\u00f3n de la plataforma, sistemas de drenaje e instalaciones da\u00f1ados durante pasadas inundaciones<\/strong><br \/>\n<strong>\u2022 La inversi\u00f3n asciende a 5,9 millones de euros (IVA incluido)<\/strong><br \/>\n<strong>\u2022 Los trabajos requieren una suspensi\u00f3n temporal del tr\u00e1fico ferroviario entre El Reguer\u00f3n y Riquelme a lo largo del mes de agosto, por lo que Renfe ha establecido un plan alternativo de transporte<\/strong><\/p>\n<p>17\/07\/2020. Adif contin\u00faa con las obras de reparaci\u00f3n y mejora de la infraestructura ferroviaria en el tramo situado entre El Reguer\u00f3n y Riquelme-Sucina, correspondiente a las actuaciones en la l\u00ednea Chinchilla-Murcia-Cartagena.<\/p>\n<p>La Regi\u00f3n de Murcia ha sufrido los efectos de tres episodios de fuertes lluvias con afecci\u00f3n a la infraestructura ferroviaria, causando desperfectos en terraplenes y superestructura de v\u00eda.<\/p>\n<p>Los trabajos tienen como objetivo principal la mejora del tendido f\u00e9rreo y su capacidad de drenaje. Ya se han efectuado trabajos de reposici\u00f3n del tendido f\u00e9rreo da\u00f1ado en diferentes puntos, desguarnecido, acondicionamiento de la plataforma y colocaci\u00f3n de segmentos de v\u00eda previamente montados.<\/p>\n<p>Tras el \u00faltimo episodio de lluvias torrenciales, se efectu\u00f3 un nuevo aporte de balasto y bateos para asegurar una rasante permitiera la explotaci\u00f3n de la l\u00ednea en mejores condiciones.<\/p>\n<p>La inversi\u00f3n que se va a acometer entre El Reguer\u00f3n y Riquelme-Sucina asciende a 5,9 millones de euros (IVA incluido).<\/p>\n<p><strong>Descripci\u00f3n de las obras<\/strong><br \/>\nEl trayecto comprendido entre El Reguer\u00f3n y Riquelme-Sucina tiene una longitud aproximadamente de 25 km de v\u00eda \u00fanica sin electrificar.<\/p>\n<p>Las obras suponen una actuaci\u00f3n tanto en la infraestructura (terraplenes y obras de drenaje) como en la superestructura (v\u00eda, e instalaciones de se\u00f1alizaci\u00f3n, seguridad y comunicaciones) y su correspondiente adecuaci\u00f3n en previsi\u00f3n de riesgos derivados de futuras inclemencias meteorol\u00f3gicas.<\/p>\n<p>Para el avance de los trabajos se ha programado una suspensi\u00f3n temporal del tr\u00e1fico ferroviario entre El Reguer\u00f3n y Riquelme-Sucina a lo largo del mes de agosto.<\/p>\n<p>Las operaciones planificadas se centran en diferentes puntos situados a lo largo de un tramo de aproximadamente 12 km, comprendido entre los puntos kilom\u00e9tricos 471\/650 al 483\/620, y consisten en lo siguiente:<br \/>\n&#8211; Tratamiento y mejora de terraplenes, que incluyen limpieza y construcci\u00f3n puntual de obras de drenaje transversal, saneamiento, reparaci\u00f3n de las c\u00e1rcavas y ejecuci\u00f3n de bajantes prefabricadas en terraplenes de m\u00e1s de 7 m con objeto de garantizar un drenaje adecuado.<br \/>\n&#8211; Recuperaci\u00f3n de la geometr\u00eda y el saneo del material situado en la coronaci\u00f3n de la actual plataforma para mejorar sus propiedades mec\u00e1nicas estabilizando las condiciones del terrapl\u00e9n actual.<br \/>\n&#8211; Acondicionamiento de accesos y zonas de acopio.<br \/>\n&#8211; Levantamiento de v\u00eda y retirada de la banqueta de balasto, renovaci\u00f3n de la coronaci\u00f3n de la plataforma y ajuste de rasantes, con posterior ejecuci\u00f3n de capa de asiento y lecho de balasto en el tendido f\u00e9rreo.<br \/>\n&#8211; Colocaci\u00f3n de escolleras adosadas a los taludes de la plataforma ferroviaria para su protecci\u00f3n frente a la circulaci\u00f3n de agua.<\/p>\n<p><strong>Modificaci\u00f3n de los servicios ferroviarios<\/strong><br \/>\nRenfe ha establecido un plan alternativo de transporte por carretera con el objetivo de reducir las afectaciones a los servicios ferroviarios y garantizar la movilidad a los viajeros de los servicios de Cercan\u00edas, Media Distancia y Larga Distancia durante los trabajos de infraestructura que ejecutar\u00e1 Adif en diferentes puntos de la Regi\u00f3n de Murcia<\/p>\n<p>La necesidad de realizar estos ajustes ha sido el motivo por el que hasta la fecha no ha sido posible poner a la venta los trenes de Larga Distancia afectados por las obras, por lo que, una vez definido el servicio que se va a prestar, se han puesto a la venta inmediatamente.<\/p>\n<p>Para los trenes de Larga Distancia, servicio Alvia, que unen Madrid con Cartagena se ha establecido transbordo por carretera entre Murcia y Cartagena y v\/v entre el 2 de agosto y el 1 de septiembre.<\/p>\n<p>En cuanto al servicio de cercan\u00edas los viajeros de Murcia con destino en las estaciones de la l\u00ednea C-1 entre Orihuela y Alicante y vv., se transbordar\u00e1n por carretera entre Orihuela y Murcia durante los d\u00edas 8 y 9 de agosto. Los viajeros con origen Beniel y destino Murcia del Carmen, realizar\u00e1n viaje entre ambas estaciones en autob\u00fas durante las mismas fechas<\/p>\n<p>Por lo que se refiere a los servicios de Media Distancia que unen Murcia con Cartagena realizar\u00e1n transbordo por carretera entre Murcia y Balsicas y vv del 3 al 31 de agosto.<\/p>\n<p>Por otro lado, en los servicios de Media Distancia que unen Cartagena con Val\u00e9ncia el viaje se realizar\u00e1 con autob\u00fas entre Cartagena y Murcia y vv, con paradas intermedias en las estaciones de Torre Pacheco y Balsicas, adem\u00e1s de adelantar su horario habitual de salida de Cartagena, durante dos periodos: del 3 al 7 de agosto y del 10 al 31 de agosto. En cuanto a los trenes de Larga Distancia del Corredor Mediterr\u00e1neo, servicio Intercity, que unen Barcelona con la Regi\u00f3n de Murcia, del 2 al 6 y del 10 al 31 de agosto, los clientes con destino las estaciones de Balsicas-Mar Menor, Torre Pacheco y Cartagena efectuar\u00e1n transbordo por carretera desde Murcia.<\/p>\n<p>El d\u00eda 7 de agosto los clientes destinos Balsicas-Mar Menor, Torre Pacheco y Cartagena efectuar\u00e1n transbordo por carretera desde Alicante. Los viajeros con destino Elx-Parc, Orihuela y Murcia realizar\u00e1n el viaje en tren de Cercan\u00edas desde Alicante. Por \u00faltimo, los d\u00edas 8 y 9 de agosto los clientes con destino: Murcia, Balsicas-Mar Menor, Torre Pacheco y Cartagena efectuar\u00e1n transbordo por carretera desde Alicante. Mientras los clientes con destino: Elx-Parc y Orihuela viajar\u00e1n en tren de Cercan\u00edas desde Alicante.<\/p>\n<p>Renfe activar\u00e1 un plan espec\u00edfico de atenci\u00f3n e informaci\u00f3n en los trenes y en las estaciones. La compa\u00f1\u00eda reforzar\u00e1 el personal de intervenci\u00f3n en los trenes y de servicios auxiliares en las estaciones para la coordinaci\u00f3n e informaci\u00f3n a los viajeros durante los transbordos.<\/p>\n<p>La informaci\u00f3n completa sobre horarios y frecuencias se puede consultar tambi\u00e9n en el tel\u00e9fono 912 320 320, as\u00ed como en la p\u00e1gina web de Renfe www.renfe.com.<\/p>\n<p><strong>Fondos europeos<\/strong><br \/>\nEsta actuaci\u00f3n podr\u00e1 ser cofinanciada por el Fondo Europeo de Desarrollo Regional (FEDER) a trav\u00e9s del P.O. Plurirregional de Espa\u00f1a 2014-2020. Objetivo Tem\u00e1tico 7: Transporte sostenible.<\/p>\n<p>\u201cUna manera de hacer Europa\u201d<\/p>\n","protected":false},"excerpt":{"rendered":"<p>L\u00ednea Chinchilla-Murcia-Cartagena \u2022 Los trabajos consisten en el tratamiento de terraplenes y v\u00eda en diferentes puntos situados a lo largo<\/p>\n","protected":false},"author":4,"featured_media":0,"comment_status":"closed","ping_status":"open","sticky":false,"template":"","format":"standard","meta":{"footnotes":""},"categories":[818],"tags":[71,19,174,980],"class_list":["post-31235","post","type-post","status-publish","format-standard","hentry","category-notes-de-premsa","tag-adif","tag-infraestructures","tag-murcia","tag-reparacion","comments-off"],"_links":{"self":[{"href":"https:\/\/www.agrupament.cat\/portal\/wp-json\/wp\/v2\/posts\/31235","targetHints":{"allow":["GET"]}}],"collection":[{"href":"https:\/\/www.agrupament.cat\/portal\/wp-json\/wp\/v2\/posts"}],"about":[{"href":"https:\/\/www.agrupament.cat\/portal\/wp-json\/wp\/v2\/types\/post"}],"author":[{"embeddable":true,"href":"https:\/\/www.agrupament.cat\/portal\/wp-json\/wp\/v2\/users\/4"}],"replies":[{"embeddable":true,"href":"https:\/\/www.agrupament.cat\/portal\/wp-json\/wp\/v2\/comments?post=31235"}],"version-history":[{"count":1,"href":"https:\/\/www.agrupament.cat\/portal\/wp-json\/wp\/v2\/posts\/31235\/revisions"}],"predecessor-version":[{"id":31236,"href":"https:\/\/www.agrupament.cat\/portal\/wp-json\/wp\/v2\/posts\/31235\/revisions\/31236"}],"wp:attachment":[{"href":"https:\/\/www.agrupament.cat\/portal\/wp-json\/wp\/v2\/media?parent=31235"}],"wp:term":[{"taxonomy":"category","embeddable":true,"href":"https:\/\/www.agrupament.cat\/portal\/wp-json\/wp\/v2\/categories?post=31235"},{"taxonomy":"post_tag","embeddable":true,"href":"https:\/\/www.agrupament.cat\/portal\/wp-json\/wp\/v2\/tags?post=31235"}],"curies":[{"name":"wp","href":"https:\/\/api.w.org\/{rel}","templated":true}]}}