{"id":31205,"date":"2020-07-17T08:00:25","date_gmt":"2020-07-17T06:00:25","guid":{"rendered":"https:\/\/www.agrupament.cat\/portal\/?p=31205"},"modified":"2020-07-18T17:01:00","modified_gmt":"2020-07-18T15:01:00","slug":"fgc-collabora-amb-la-cambra-del-llibre-de-catalunya-i-el-departament-de-cultura-en-la-difusio-del-dia-del-llibre-i-de-la-rosa","status":"publish","type":"post","link":"https:\/\/www.agrupament.cat\/portal\/2020\/07\/fgc-collabora-amb-la-cambra-del-llibre-de-catalunya-i-el-departament-de-cultura-en-la-difusio-del-dia-del-llibre-i-de-la-rosa\/","title":{"rendered":"FGC col\u00b7labora amb la Cambra del Llibre de Catalunya i el Departament de Cultura en la difusi\u00f3 del Dia del Llibre i de la Rosa"},"content":{"rendered":"<p>16\/07\/2020<br \/>\n<strong>\u00b7 Ferrocarrils ha vinilat tres trens amb motius de la campanya de promoci\u00f3 d\u2019aquesta jornada cultural, que se celebrar\u00e0 el 23 de juliol<\/strong><\/p>\n<p>La consellera de Cultura, Mari\u00e0ngela Vilallonga; el president de Ferrocarrils de la Generalitat de Catalunya (FGC), Ricard Font; el director general d\u2019FGC, Pere Calvet; el president de la Cambra del Llibre de Catalunya, Patrici Tixis, i la presidenta del Gremi de Llibreters de Catalunya, Carme Ferrer, han presentat aquesta tarda a l\u2019estaci\u00f3 de Les Planes de Ferrocarrils un dels tres trens vinilats amb la campanya de promoci\u00f3 del Dia del llibre i de la Rosa.<\/p>\n<p>La iniciativa t\u00e9 com a lema \u201cSigui quin sigui el teu cam\u00ed, tot comen\u00e7a en una llibreria\u201d, amb el qual es vol animar a la ciutadania a participar en la celebraci\u00f3 del Dia del Llibre i de la Rosa, que a causa de la pand\u00e8mia de la COVID- 19 enguany se celebra el 23 de juliol.<\/p>\n<p>El Pla Territorial de Protecci\u00f3 Civil de Catalunya (PROCICAT) ha aprovat recentment el pla d\u2019actuaci\u00f3 de la diada, que comptar\u00e0 amb la participaci\u00f3 exclusiva del sector professional del llibre i de la rosa. Amb aquest nou enfoc de la jornada es pret\u00e9n controlar la delimitaci\u00f3 de zones de venda de llibres i roses, garantir el distanciament social i permetre realitzar controls de seguretat i d\u2019higiene. Per garantir una diada segura per a tothom, s\u2019insta la ciutadania a participar d\u2019una festa de proximitat, al propi municipi o barri, i evitar despla\u00e7aments. Durant tota la jornada, tant en espais tancats com en les llibreries com a l&#8217;aire lliure, caldr\u00e0 garantir la dist\u00e0ncia f\u00edsica interpersonal de seguretat i l\u2019\u00fas de mascareta ser\u00e0 obligatori per a tothom. A m\u00e9s, es controlaran els accessos als establiments, els fluxos de circulaci\u00f3 i l\u2019aforament per tal d\u2019evitar aglomeracions.<\/p>\n<p>Amb la campanya de promoci\u00f3 del Dia del llibre i de la Rosa als trens, FGC col\u00b7labora amb la Cambra del Llibre de Catalunya i el Departament de Cultura per promocionar a la seva xarxa de trens la celebraci\u00f3 d\u2019aquesta jornada cultural.<\/p>\n","protected":false},"excerpt":{"rendered":"<p>16\/07\/2020 \u00b7 Ferrocarrils ha vinilat tres trens amb motius de la campanya de promoci\u00f3 d\u2019aquesta jornada cultural, que se celebrar\u00e0<\/p>\n","protected":false},"author":4,"featured_media":31206,"comment_status":"closed","ping_status":"open","sticky":false,"template":"","format":"standard","meta":{"footnotes":""},"categories":[818],"tags":[974,973,47,972],"class_list":["post-31205","post","type-post","status-publish","format-standard","has-post-thumbnail","hentry","category-notes-de-premsa","tag-dia-de-la-rosa","tag-dia-del-llibre","tag-fgc-ferrocarrils-de-la-generalitat-de-catalunya","tag-vinils","comments-off"],"_links":{"self":[{"href":"https:\/\/www.agrupament.cat\/portal\/wp-json\/wp\/v2\/posts\/31205","targetHints":{"allow":["GET"]}}],"collection":[{"href":"https:\/\/www.agrupament.cat\/portal\/wp-json\/wp\/v2\/posts"}],"about":[{"href":"https:\/\/www.agrupament.cat\/portal\/wp-json\/wp\/v2\/types\/post"}],"author":[{"embeddable":true,"href":"https:\/\/www.agrupament.cat\/portal\/wp-json\/wp\/v2\/users\/4"}],"replies":[{"embeddable":true,"href":"https:\/\/www.agrupament.cat\/portal\/wp-json\/wp\/v2\/comments?post=31205"}],"version-history":[{"count":1,"href":"https:\/\/www.agrupament.cat\/portal\/wp-json\/wp\/v2\/posts\/31205\/revisions"}],"predecessor-version":[{"id":31207,"href":"https:\/\/www.agrupament.cat\/portal\/wp-json\/wp\/v2\/posts\/31205\/revisions\/31207"}],"wp:featuredmedia":[{"embeddable":true,"href":"https:\/\/www.agrupament.cat\/portal\/wp-json\/wp\/v2\/media\/31206"}],"wp:attachment":[{"href":"https:\/\/www.agrupament.cat\/portal\/wp-json\/wp\/v2\/media?parent=31205"}],"wp:term":[{"taxonomy":"category","embeddable":true,"href":"https:\/\/www.agrupament.cat\/portal\/wp-json\/wp\/v2\/categories?post=31205"},{"taxonomy":"post_tag","embeddable":true,"href":"https:\/\/www.agrupament.cat\/portal\/wp-json\/wp\/v2\/tags?post=31205"}],"curies":[{"name":"wp","href":"https:\/\/api.w.org\/{rel}","templated":true}]}}