{"id":31171,"date":"2020-07-17T16:00:45","date_gmt":"2020-07-17T14:00:45","guid":{"rendered":"https:\/\/www.agrupament.cat\/portal\/?p=31171"},"modified":"2020-07-17T23:31:36","modified_gmt":"2020-07-17T21:31:36","slug":"a-partir-de-dema-dissabte-el-metro-suspendra-lampliacio-dhorari-nocturn-dels-caps-de-setmana","status":"publish","type":"post","link":"https:\/\/www.agrupament.cat\/portal\/2020\/07\/a-partir-de-dema-dissabte-el-metro-suspendra-lampliacio-dhorari-nocturn-dels-caps-de-setmana\/","title":{"rendered":"A partir de dem\u00e0 dissabte, el metro suspendr\u00e0 l&#8217;ampliaci\u00f3 d&#8217;horari nocturn dels caps de setmana"},"content":{"rendered":"<p>17 de juliol del 2020<br \/>\n<strong>\u00b7 TMB refor\u00e7a les mesures d&#8217;higiene a la xarxa, amb atenci\u00f3 especial als territoris amb m\u00e9s contagis, i mobilitza efectius per vigilar el compliment de portar mascareta i per facilitar els fluxos de passatge<\/strong><\/p>\n<p>Amb motiu dels brots de Covid-19 que s\u2019han registrat a l\u2019\u00e0rea metropolitana de Barcelona i les indicacions de reduir l\u2019activitat social, el metro suspendr\u00e0 temporalment, a partir de la nit de dem\u00e0 dissabte, l\u2019ampliaci\u00f3 de l\u2019horari nocturn dels caps de setmana i vig\u00edlies de festiu, i per tant els \u00faltims trens sortiran de les estacions terminals de cada l\u00ednia a les 12 de la nit en comptes de les 2 de la matinada.<\/p>\n<p>Al mateix temps Transports Metropolitans de Barcelona (TMB) ha refor\u00e7at les mesures vigents de prevenci\u00f3 de contagis a tota la xarxa de metro, amb una atenci\u00f3 especial als trams que transcorren pel municipi de l\u2019Hospitalet de Llobregat i els districtes de Les Corts, Sants &#8211; Montju\u00efc i l\u2019Eixample de Barcelona.<\/p>\n<p>Aix\u00ed, a partir d\u2019avui, s\u2019ha establert un dispositiu de prop d\u2019un centenar de persones, entre empleats de Metro i vigilants de seguretat, que vetlla per l\u2019agilitat dels fluxos de passatge i sobretot pel compliment de l\u2019obligaci\u00f3 de portar ben posada mascareta dins de les instal\u00b7lacions del metro. Aquesta norma higi\u00e8nica, vigent des del mes de maig, est\u00e0 tenint un alt grau de seguiment, d\u2019entre el 98% i el 99%% segons els mostrejos diaris. El que es pret\u00e9n \u00e9s que sigui assumida com a regla b\u00e0sica de conviv\u00e8ncia i que el seguiment sigui universal.<\/p>\n<p><strong>Dispensadors de gel en 39 estacions<\/strong><br \/>\nEn la mateixa l\u00ednia de refor\u00e7ar les condicions del metro com a transport sanit\u00e0riament segur, TMB ha ampliat el nombre de dispensadors de gel desinfectant per a la higiene de mans, que ja s\u00f3n 81 i es poden trobar en 39 estacions de la xarxa, incloses les m\u00e9s freq\u00fcentades del terme de l\u2019Hospitalet, com ara Torrassa, Santa Eul\u00e0lia, Avinguda Carrilet, Pubilla Cases i Collblanc. D\u2019aquesta manera es facilita el compliment de la recomanaci\u00f3 de rentar-se i desinfectar-se les mans abans i despr\u00e9s de fer un trajecte amb transport p\u00fablic.<\/p>\n<p>Recordem que, tot i que des del final de l\u2019estat d\u2019alarma no hi ha limitacions d\u2019ocupaci\u00f3 ni regles de dist\u00e0ncia al transport p\u00fablic, TMB ha programat aquest mes de juliol la m\u00e0xima oferta possible per evitar aglomeracions. Aix\u00ed, els dies feiners circula el 100% dels trens, encara que la demanda se situa en el 55% del que era habitual els dies equivalents de l\u2019any anterior. A les hores punta, a la l\u00ednia 5, circulen m\u00e9s trens que l\u2019any passat en la mateixa franja: 33 ara, 31 el 2019.<\/p>\n<p>Pel que fa a la xarxa d\u2019autobusos, continua vigent la separaci\u00f3 entre els espais de conducci\u00f3 i dels passatgers i l\u2019entrada per la segona porta, tal com es va establir el mar\u00e7 passat a l\u2019inici de l\u2019emerg\u00e8ncia sanit\u00e0ria, per evitar contactes. El bitllet senzill es pot comprar \u00fanicament en format electr\u00f2nic amb el m\u00f2bil, a trav\u00e9s de la TMB App, i es valida a bord amb el mateix tel\u00e8fon i els codis QR.<\/p>\n<p>Per la seva banda, TMB mant\u00e9 per al metro i els autobusos el refor\u00e7 de la neteja i la desinfecci\u00f3 di\u00e0ria dels vehicles i dels espais de tr\u00e0nsit i d\u2019\u00fas intern amb productes viricides (actius contra la Covid-19). En l\u2019ordre intern, el departament de Salut Laboral de TMB, realitza amb la m\u00e0xima dilig\u00e8ncia les labors de prevenci\u00f3 i seguiment de la plantilla. Per reduir els despla\u00e7aments del personal, l\u2019empresa continua facilitant el teletreball en tots els casos que resulta possible, mantenint un miler de llic\u00e8ncies per al treball a dist\u00e0ncia.<\/p>\n","protected":false},"excerpt":{"rendered":"<p>17 de juliol del 2020 \u00b7 TMB refor\u00e7a les mesures d&#8217;higiene a la xarxa, amb atenci\u00f3 especial als territoris amb<\/p>\n","protected":false},"author":4,"featured_media":0,"comment_status":"closed","ping_status":"open","sticky":false,"template":"","format":"standard","meta":{"footnotes":""},"categories":[818],"tags":[35,898,830,56],"class_list":["post-31171","post","type-post","status-publish","format-standard","hentry","category-notes-de-premsa","tag-barcelona","tag-covid-19","tag-suspensio-del-servei","tag-metro-barcelona-tmb","comments-off"],"_links":{"self":[{"href":"https:\/\/www.agrupament.cat\/portal\/wp-json\/wp\/v2\/posts\/31171","targetHints":{"allow":["GET"]}}],"collection":[{"href":"https:\/\/www.agrupament.cat\/portal\/wp-json\/wp\/v2\/posts"}],"about":[{"href":"https:\/\/www.agrupament.cat\/portal\/wp-json\/wp\/v2\/types\/post"}],"author":[{"embeddable":true,"href":"https:\/\/www.agrupament.cat\/portal\/wp-json\/wp\/v2\/users\/4"}],"replies":[{"embeddable":true,"href":"https:\/\/www.agrupament.cat\/portal\/wp-json\/wp\/v2\/comments?post=31171"}],"version-history":[{"count":1,"href":"https:\/\/www.agrupament.cat\/portal\/wp-json\/wp\/v2\/posts\/31171\/revisions"}],"predecessor-version":[{"id":31172,"href":"https:\/\/www.agrupament.cat\/portal\/wp-json\/wp\/v2\/posts\/31171\/revisions\/31172"}],"wp:attachment":[{"href":"https:\/\/www.agrupament.cat\/portal\/wp-json\/wp\/v2\/media?parent=31171"}],"wp:term":[{"taxonomy":"category","embeddable":true,"href":"https:\/\/www.agrupament.cat\/portal\/wp-json\/wp\/v2\/categories?post=31171"},{"taxonomy":"post_tag","embeddable":true,"href":"https:\/\/www.agrupament.cat\/portal\/wp-json\/wp\/v2\/tags?post=31171"}],"curies":[{"name":"wp","href":"https:\/\/api.w.org\/{rel}","templated":true}]}}