{"id":31000,"date":"2020-06-30T08:39:45","date_gmt":"2020-06-30T06:39:45","guid":{"rendered":"https:\/\/www.agrupament.cat\/portal\/?p=31000"},"modified":"2020-06-30T08:40:43","modified_gmt":"2020-06-30T06:40:43","slug":"renfe-confia-a-caf-el-primer-pedido-de-su-macroprograma-de-flota-por-258-millones","status":"publish","type":"post","link":"https:\/\/www.agrupament.cat\/portal\/2020\/06\/renfe-confia-a-caf-el-primer-pedido-de-su-macroprograma-de-flota-por-258-millones\/","title":{"rendered":"Renfe conf\u00eda a CAF el primer pedido de su macroprograma de flota por 258 millones"},"content":{"rendered":"<p><strong>\u00b7 El fabricante vasco, que tambi\u00e9n opta al contrato de Cercan\u00edas, suministrar\u00e1 31 unidades de ancho m\u00e9trico y seis alpinos<\/strong><\/p>\n<p>Madrid 29 JUN 2020<br \/>\nRenfe ha abierto esta tarde su programa de renovaci\u00f3n de flota, valorado en 5.100 millones de euros, con la adjudicaci\u00f3n a CAF del primero de los contratos. La decisi\u00f3n, avanzada por la versi\u00f3n digital de Cinco D\u00edas, ha sido ratificada esta tarde por el consejo de administraci\u00f3n.<\/p>\n<p>El fabricante vasco, en liza con Stadler, ha sido el elegido para suministrar 31 trenes de ancho m\u00e9trico y seis trenes alpinos, adem\u00e1s del mantenimiento parcial durante un periodo de 15 a\u00f1os. La oferta ganadora ha sido de 258 millones de euros sobre un presupuesto base de licitaci\u00f3n de 287 millones.<\/p>\n<p>Toda la informaci\u00f3n:<a href=\"https:\/\/cincodias.elpais.com\/cincodias\/2020\/06\/29\/companias\/1593444568_665212.html\">\u00a0<span style=\"color: #333399;\"><strong>Cinco Dias \/ El Pais<\/strong><\/span><\/a><\/p>\n","protected":false},"excerpt":{"rendered":"<p>\u00b7 El fabricante vasco, que tambi\u00e9n opta al contrato de Cercan\u00edas, suministrar\u00e1 31 unidades de ancho m\u00e9trico y seis alpinos<\/p>\n","protected":false},"author":4,"featured_media":31001,"comment_status":"closed","ping_status":"open","sticky":false,"template":"","format":"standard","meta":{"footnotes":""},"categories":[835],"tags":[78,849,836,72,914],"class_list":["post-31000","post","type-post","status-publish","format-standard","has-post-thumbnail","hentry","category-premsa-escrita","tag-caf","tag-llibres","tag-publicacions-diaris-i-revistes","tag-renfe-operadora","tag-ronavacion-flota","comments-off"],"_links":{"self":[{"href":"https:\/\/www.agrupament.cat\/portal\/wp-json\/wp\/v2\/posts\/31000","targetHints":{"allow":["GET"]}}],"collection":[{"href":"https:\/\/www.agrupament.cat\/portal\/wp-json\/wp\/v2\/posts"}],"about":[{"href":"https:\/\/www.agrupament.cat\/portal\/wp-json\/wp\/v2\/types\/post"}],"author":[{"embeddable":true,"href":"https:\/\/www.agrupament.cat\/portal\/wp-json\/wp\/v2\/users\/4"}],"replies":[{"embeddable":true,"href":"https:\/\/www.agrupament.cat\/portal\/wp-json\/wp\/v2\/comments?post=31000"}],"version-history":[{"count":1,"href":"https:\/\/www.agrupament.cat\/portal\/wp-json\/wp\/v2\/posts\/31000\/revisions"}],"predecessor-version":[{"id":31002,"href":"https:\/\/www.agrupament.cat\/portal\/wp-json\/wp\/v2\/posts\/31000\/revisions\/31002"}],"wp:featuredmedia":[{"embeddable":true,"href":"https:\/\/www.agrupament.cat\/portal\/wp-json\/wp\/v2\/media\/31001"}],"wp:attachment":[{"href":"https:\/\/www.agrupament.cat\/portal\/wp-json\/wp\/v2\/media?parent=31000"}],"wp:term":[{"taxonomy":"category","embeddable":true,"href":"https:\/\/www.agrupament.cat\/portal\/wp-json\/wp\/v2\/categories?post=31000"},{"taxonomy":"post_tag","embeddable":true,"href":"https:\/\/www.agrupament.cat\/portal\/wp-json\/wp\/v2\/tags?post=31000"}],"curies":[{"name":"wp","href":"https:\/\/api.w.org\/{rel}","templated":true}]}}