{"id":30538,"date":"2020-05-29T10:24:19","date_gmt":"2020-05-29T08:24:19","guid":{"rendered":"https:\/\/www.agrupament.cat\/portal\/?p=30538"},"modified":"2020-05-29T10:24:19","modified_gmt":"2020-05-29T08:24:19","slug":"adif-av-licita-la-redaccion-del-proyecto-de-actuaciones-complementarias-al-montaje-de-via-y-electrificacion-del-tramo-nudo-de-la-teja-moixent-lalcudia-de-crespins","status":"publish","type":"post","link":"https:\/\/www.agrupament.cat\/portal\/2020\/05\/adif-av-licita-la-redaccion-del-proyecto-de-actuaciones-complementarias-al-montaje-de-via-y-electrificacion-del-tramo-nudo-de-la-teja-moixent-lalcudia-de-crespins\/","title":{"rendered":"Adif AV licita la redacci\u00f3n del proyecto de actuaciones complementarias al montaje de v\u00eda y electrificaci\u00f3n del tramo Nudo de la Teja-Moixent-L\u2019Alcudia de Crespins"},"content":{"rendered":"<p>Impulso al Corredor Mediterr\u00e1neo en la Comunidad Valenciana<\/p>\n<p>28\/05\/2020. Adif Alta Velocidad (Adif AV) ha licitado el contrato de servicios de consultor\u00eda y asistencia t\u00e9cnica para la redacci\u00f3n del proyecto de construcci\u00f3n de las actuaciones complementarias al proyecto de montaje de v\u00eda y electrificaci\u00f3n del tramo Nudo de la Teja-Moixent-L\u2019Alcudia de Crespins (Valencia).<\/p>\n<p>La construcci\u00f3n de esta l\u00ednea es un paso previo necesario para ejecutar la conexi\u00f3n de alta velocidad entre Valencia, Alicante, Elche y Murcia, incluida en el Corredor Mediterr\u00e1neo.<\/p>\n<p>El contrato tiene un presupuesto de licitaci\u00f3n de 216.796,31 euros (IVA incluido) y un plazo de ejecuci\u00f3n de 4 meses.<\/p>\n<p>El tramo tiene una longitud aproximada de 40 km que discurren por los t\u00e9rminos municipales de La Font de la Figuera, Moixent, Vallada, Montesa, Canals y L&#8217;Alc\u00fadia de Crespins, todos ellos situados en la provincia de Valencia.<\/p>\n<p>Este contrato tiene como principal finalidad asegurar el cumplimiento de las condiciones necesarias de la infraestructura para facilitar la puesta en servicio para tr\u00e1fico mixto, desde la salida de la estaci\u00f3n de L\u2019Alcudia de Crespins hasta la conexi\u00f3n con el Nudo de la Teja (PK 6+456), implantando las instalaciones de alumbrado de emergencia en el t\u00fanel de Mogente y otras actuaciones para adaptar los t\u00faneles del tramo a la normativa de Protecci\u00f3n Civil e interoperabilidad.<\/p>\n<p>Por otro lado, tambi\u00e9n se definir\u00e1 diversas actuaciones en las estaciones de Montesa (modificaci\u00f3n del cerramiento) y de Vallada (modificaci\u00f3n del cerramiento, ampliaci\u00f3n and\u00e9n central y dise\u00f1o de marquesina para viajeros).<\/p>\n<p>Adem\u00e1s, se establecer\u00e1n mejoras en la cubierta de la subestaci\u00f3n de Vallada, en el drenaje en pasos superiores del tramo y en la afecci\u00f3n por deslumbramientos entre el sistema ferroviario y las carreteras adyacentes al trazado.<\/p>\n<p><strong>Fondos europeos<\/strong><br \/>\nLas obras podr\u00e1n ser cofinanciadas por el Mecanismo \u201cConectar Europa\u201d (CEF).<\/p>\n<p>\u201cUna manera de hacer Europa\u201d<\/p>\n","protected":false},"excerpt":{"rendered":"<p>Impulso al Corredor Mediterr\u00e1neo en la Comunidad Valenciana 28\/05\/2020. Adif Alta Velocidad (Adif AV) ha licitado el contrato de servicios<\/p>\n","protected":false},"author":4,"featured_media":15653,"comment_status":"closed","ping_status":"open","sticky":false,"template":"","format":"standard","meta":{"footnotes":""},"categories":[818],"tags":[71,895,87,19,897,896],"class_list":["post-30538","post","type-post","status-publish","format-standard","has-post-thumbnail","hentry","category-notes-de-premsa","tag-adif","tag-alcudia-de-crespins","tag-corredor-del-mediterrani","tag-infraestructures","tag-moixent","tag-teja","comments-off"],"_links":{"self":[{"href":"https:\/\/www.agrupament.cat\/portal\/wp-json\/wp\/v2\/posts\/30538","targetHints":{"allow":["GET"]}}],"collection":[{"href":"https:\/\/www.agrupament.cat\/portal\/wp-json\/wp\/v2\/posts"}],"about":[{"href":"https:\/\/www.agrupament.cat\/portal\/wp-json\/wp\/v2\/types\/post"}],"author":[{"embeddable":true,"href":"https:\/\/www.agrupament.cat\/portal\/wp-json\/wp\/v2\/users\/4"}],"replies":[{"embeddable":true,"href":"https:\/\/www.agrupament.cat\/portal\/wp-json\/wp\/v2\/comments?post=30538"}],"version-history":[{"count":1,"href":"https:\/\/www.agrupament.cat\/portal\/wp-json\/wp\/v2\/posts\/30538\/revisions"}],"predecessor-version":[{"id":30539,"href":"https:\/\/www.agrupament.cat\/portal\/wp-json\/wp\/v2\/posts\/30538\/revisions\/30539"}],"wp:featuredmedia":[{"embeddable":true,"href":"https:\/\/www.agrupament.cat\/portal\/wp-json\/wp\/v2\/media\/15653"}],"wp:attachment":[{"href":"https:\/\/www.agrupament.cat\/portal\/wp-json\/wp\/v2\/media?parent=30538"}],"wp:term":[{"taxonomy":"category","embeddable":true,"href":"https:\/\/www.agrupament.cat\/portal\/wp-json\/wp\/v2\/categories?post=30538"},{"taxonomy":"post_tag","embeddable":true,"href":"https:\/\/www.agrupament.cat\/portal\/wp-json\/wp\/v2\/tags?post=30538"}],"curies":[{"name":"wp","href":"https:\/\/api.w.org\/{rel}","templated":true}]}}