{"id":30434,"date":"2020-05-23T12:09:28","date_gmt":"2020-05-23T10:09:28","guid":{"rendered":"https:\/\/www.agrupament.cat\/portal\/?p=30434"},"modified":"2020-05-23T17:14:32","modified_gmt":"2020-05-23T15:14:32","slug":"restabliment-del-servei-ferroviari-entre-ripoll-i-puigcerda","status":"publish","type":"post","link":"https:\/\/www.agrupament.cat\/portal\/2020\/05\/restabliment-del-servei-ferroviari-entre-ripoll-i-puigcerda\/","title":{"rendered":"Restabliment del servei ferroviari entre Ripoll i Puigcerd\u00e0"},"content":{"rendered":"<p><strong>\u00b7 A partir de dilluns s\u2019incrementa l\u2019oferta fins al 94% a rodalia de Barcelona<\/strong><br \/>\n<strong>\u00b7 A la resta de l\u00ednies es mantindr\u00e0 el servei que es presta actualment<\/strong><\/p>\n<p>Barcelona, 22 de maig de 2020 (Renfe).<br \/>\nA partir de dilluns 25 de maig, es restableix la circulaci\u00f3 ferrovi\u00e0ria entre Ripoll i Puigcerd\u00e0. Mentrestant el servei s\u2019ha prestat amb un servei alternatiu per carretera amb busos de la Direcci\u00f3 General de Transports.<\/p>\n<p>Amb aquesta recuperaci\u00f3 del servei a m\u00e9s es passa de les tres expedicions di\u00e0ries per sentit fins als sis trens per sentit. Amb la nova programaci\u00f3, pr\u00e0cticament es recupera el servei habitual en la relaci\u00f3 que enlla\u00e7a Puigcerd\u00e0 amb Barcelona.<\/p>\n<p><strong>Increment de l\u2019oferta al 94%<\/strong><br \/>\nA m\u00e9s, des de dilluns, Renfe incrementa l\u2019oferta fins al 94% a rodalia de Barcelona. D\u2019aquesta manera el servei de les principals l\u00ednies de Rodalies de Catalunya tendeixen cap a la prestaci\u00f3 del servei habitual. Aquesta mesura s\u2019ha pres de forma coordinada amb el titular del servei i segueix els par\u00e0metres marcats per les autoritats. Tant el cap de setmana com a la resta de l\u00ednies de Rodalies de Catalunya es segueix prestant l\u2019oferta actual.<\/p>\n<p><span style=\"color: #ff0000;\">\u00b7 Es recorda l\u2019\u00fas obligatori de la mascareta al transport p\u00fablic. Aquesta norma tal com indica el BOE s\u2019ha est\u00e8s a la via p\u00fablica, espais a l\u2019aire lliure, i en qualsevol espai tancat d\u2019\u00fas p\u00fablic o que es trobi obert al p\u00fablic sempre que no es pugui mantenir una dist\u00e0ncia de seguretat interpersonal d\u2019almenys 2 metres.<\/span><\/p>\n","protected":false},"excerpt":{"rendered":"<p>\u00b7 A partir de dilluns s\u2019incrementa l\u2019oferta fins al 94% a rodalia de Barcelona \u00b7 A la resta de l\u00ednies<\/p>\n","protected":false},"author":4,"featured_media":15421,"comment_status":"closed","ping_status":"open","sticky":false,"template":"","format":"standard","meta":{"footnotes":""},"categories":[818],"tags":[246,142,583,691,44],"class_list":["post-30434","post","type-post","status-publish","format-standard","has-post-thumbnail","hentry","category-notes-de-premsa","tag-puigcerda","tag-r03-lhospitalet-de-llobregat-a-la-tour-de-carolt","tag-restabliment-del-servei","tag-ripoll","tag-rodalies-cercanias","comments-off"],"_links":{"self":[{"href":"https:\/\/www.agrupament.cat\/portal\/wp-json\/wp\/v2\/posts\/30434","targetHints":{"allow":["GET"]}}],"collection":[{"href":"https:\/\/www.agrupament.cat\/portal\/wp-json\/wp\/v2\/posts"}],"about":[{"href":"https:\/\/www.agrupament.cat\/portal\/wp-json\/wp\/v2\/types\/post"}],"author":[{"embeddable":true,"href":"https:\/\/www.agrupament.cat\/portal\/wp-json\/wp\/v2\/users\/4"}],"replies":[{"embeddable":true,"href":"https:\/\/www.agrupament.cat\/portal\/wp-json\/wp\/v2\/comments?post=30434"}],"version-history":[{"count":1,"href":"https:\/\/www.agrupament.cat\/portal\/wp-json\/wp\/v2\/posts\/30434\/revisions"}],"predecessor-version":[{"id":30435,"href":"https:\/\/www.agrupament.cat\/portal\/wp-json\/wp\/v2\/posts\/30434\/revisions\/30435"}],"wp:featuredmedia":[{"embeddable":true,"href":"https:\/\/www.agrupament.cat\/portal\/wp-json\/wp\/v2\/media\/15421"}],"wp:attachment":[{"href":"https:\/\/www.agrupament.cat\/portal\/wp-json\/wp\/v2\/media?parent=30434"}],"wp:term":[{"taxonomy":"category","embeddable":true,"href":"https:\/\/www.agrupament.cat\/portal\/wp-json\/wp\/v2\/categories?post=30434"},{"taxonomy":"post_tag","embeddable":true,"href":"https:\/\/www.agrupament.cat\/portal\/wp-json\/wp\/v2\/tags?post=30434"}],"curies":[{"name":"wp","href":"https:\/\/api.w.org\/{rel}","templated":true}]}}