{"id":30232,"date":"2020-05-09T08:00:41","date_gmt":"2020-05-09T06:00:41","guid":{"rendered":"https:\/\/www.agrupament.cat\/portal\/?p=30232"},"modified":"2020-05-11T19:34:28","modified_gmt":"2020-05-11T17:34:28","slug":"renfe-incrementa-la-seva-oferta-al-servei-de-rodalia-de-barcelona-a-partir-de-dilluns-11-de-maig","status":"publish","type":"post","link":"https:\/\/www.agrupament.cat\/portal\/2020\/05\/renfe-incrementa-la-seva-oferta-al-servei-de-rodalia-de-barcelona-a-partir-de-dilluns-11-de-maig\/","title":{"rendered":"Renfe incrementa la seva oferta al servei de rodalia de Barcelona a partir de dilluns 11 de maig"},"content":{"rendered":"<p>Es desaconsella viatjar llevat de raons inajornables o d\u2019extrema necessitat<br \/>\n<strong>\u00b7 Els dies laborables a l\u2019hora punta l\u2019oferta ser\u00e0 del 90% i del 87% durant la resta de la jornada<\/strong><br \/>\n<strong>\u00b7 A la resta de l\u00ednies es mantindr\u00e0 el servei que es presta actualment<\/strong><\/p>\n<p>Barcelona, 8 de maig de 2020 (Renfe).<br \/>\nA partir de dilluns 11 de maig, Renfe incrementa els dies laborables l\u2019oferta al servei de rodalia de Barcelona en hora punta fins el 90% i del 87% durant la resta de la jornada. Aquesta mesura s\u2019ha pres de forma coordinada amb el titular del servei i segueix els par\u00e0metres marcats per les autoritats. Tant el cap de setmana com a la resta de l\u00ednies de Rodalies de Catalunya es segueix prestant l\u2019oferta actual.<\/p>\n<p>Durant aquesta \u00faltima setmana els serveis de Rodalies han registrat un descens diari de demanda que ha est\u00e0 rondant el -86%. D\u2019aquesta manera es mant\u00e9 com a m\u00e0xim, un nivell d\u2019ocupaci\u00f3 que representi un 50% de la capacitat m\u00e0xima. Aix\u00ed doncs, es respecta el prop\u00f2sit de mantenir dist\u00e0ncies entre els viatgers recomanades per les autoritats sanit\u00e0ries.<\/p>\n<p><strong>Es mant\u00e9 la situaci\u00f3 a les l\u00ednies R3, RT1, RT2, R7 i RG1.<\/strong><br \/>\nPel moment es mant\u00e9, un servei alternatiu per carretera amb tres expedicions per sentit (mat\u00ed, migdia i tarda-nit) entre Ripoll i Puigcerd\u00e0. La mitjana de utilitzaci\u00f3 en aquest tram \u00e9s de una mitjana de 3 viatgers per servei.<\/p>\n<p>A la l\u00ednia R7 la Universitat Aut\u00f2noma de Barcelona est\u00e0 tancada i la resta d\u2019estacions estan servides per l\u2019R4. La RG1 comparteix recorregut amb trens de l\u2019R11 i R1 i els viatgers de la l\u00ednia RT1 disposen de serveis de les l\u00ednies R14, R15 i R16 per despla\u00e7ar-se entre Tarragona, Vilaseca i Reus. Finalment, a l\u2019RT2, els viatgers disposen dels serveis de les l\u00ednies R4 al tram L\u2019Arbo\u00e7-Sant Vicen\u00e7 de Calders, i dels serveis de les l\u00ednies R14, R15, R16 i R17 entre Sant Vicen\u00e7 de Calders i Port Aventura)<\/p>\n<p><strong>Cal recordar que els trens de la l\u00ednia R11 inicien o finalitzen el seu recorregut a l\u2019estaci\u00f3 de Portbou.<\/strong><\/p>\n<p>Aquestes mesures han estat adoptades en el marc de l\u2019Estat d\u2019Alarma decretat pel Consell de Ministres amb motiu de l\u2019emerg\u00e8ncia sanit\u00e0ria pel Covid-19, que obliga a una situaci\u00f3 excepcional de mobilitat i a l\u2019aplicaci\u00f3 de mesures extraordin\u00e0ries. Renfe desaconsella viatjar excepte que sigui per raons inajornables o d\u2019extrema necessitat.<\/p>\n<p><strong>Actuacions d\u2019Adif a l\u2019estaci\u00f3 de Sant Pol de Mar<\/strong><br \/>\nEntre el dia 11 i el 22 de maig, Adif dur\u00e0 a terme tasques de reparaci\u00f3 d\u2019infraestructura a Sant Pol de Mar que limitaran la capacitat operativa d\u2019aquesta estaci\u00f3. Aquestes instal\u00b7lacions es van veure malmeses pel temporal Gl\u00f2ria.<\/p>\n<p>Les restriccions, que comporten la impossibilitat de realitzar els encreuaments habituals en aquesta estaci\u00f3, obliguen a modificar els serveis de la l\u00ednia R1 els dies laborables al tram Matar\u00f3 \u2013 Calella. D\u2019aquesta manera els trens que habitualment finalitzen o inicien el seu recorregut a Calella o faran des de Matar\u00f3. Els viatgers d\u2019aquest trajecte disposaran dels trens amb origen o destinaci\u00f3 Malgrat. La resta de la l\u00ednia, Matar\u00f3 \u2013 Molins de Rei, disposar\u00e0 del servei habitual.<\/p>\n<p>En cap de setmana es mant\u00e9 la mateixa freq\u00fc\u00e8ncia de servei tot i que es reajustaran m\u00ednimament alguns horaris.<\/p>\n<p>Els nous horaris es podran consultar a trav\u00e9s dels canals digitals d\u2019informaci\u00f3 i atenci\u00f3 al client de Renfe i Rodalies de Catalunya. Aix\u00ed com als tel\u00e8fons 900 41 00 41 i 912 320 320.<\/p>\n<p><strong>Recomanacions generals per al transport p\u00fablic<\/strong><br \/>\nRenfe comen\u00e7ar\u00e0 els pr\u00f2xims dies una campanya informativa adre\u00e7ada als viatgers per informar-los de les recomanacions en aquest nou escenari.<\/p>\n<p>La campanya, amb el lema \u2018Estar cada cop m\u00e9s a prop dep\u00e8n tamb\u00e9 de tu\u2019, es difondr\u00e0 a trav\u00e9s de mitjans de comunicaci\u00f3 i de suports a estacions i trens. L\u2019objectiu \u00e9s donar a con\u00e8ixer les recomanacions de les autoritats sanit\u00e0ries per viatjar en transport p\u00fablic.<\/p>\n","protected":false},"excerpt":{"rendered":"<p>Es desaconsella viatjar llevat de raons inajornables o d\u2019extrema necessitat \u00b7 Els dies laborables a l\u2019hora punta l\u2019oferta ser\u00e0 del<\/p>\n","protected":false},"author":4,"featured_media":6305,"comment_status":"closed","ping_status":"open","sticky":false,"template":"","format":"standard","meta":{"footnotes":""},"categories":[818],"tags":[17,863,72,44],"class_list":["post-30232","post","type-post","status-publish","format-standard","has-post-thumbnail","hentry","category-notes-de-premsa","tag-afectacions-e-incidencies","tag-increment-de-loferta","tag-renfe-operadora","tag-rodalies-cercanias","comments-off"],"_links":{"self":[{"href":"https:\/\/www.agrupament.cat\/portal\/wp-json\/wp\/v2\/posts\/30232","targetHints":{"allow":["GET"]}}],"collection":[{"href":"https:\/\/www.agrupament.cat\/portal\/wp-json\/wp\/v2\/posts"}],"about":[{"href":"https:\/\/www.agrupament.cat\/portal\/wp-json\/wp\/v2\/types\/post"}],"author":[{"embeddable":true,"href":"https:\/\/www.agrupament.cat\/portal\/wp-json\/wp\/v2\/users\/4"}],"replies":[{"embeddable":true,"href":"https:\/\/www.agrupament.cat\/portal\/wp-json\/wp\/v2\/comments?post=30232"}],"version-history":[{"count":1,"href":"https:\/\/www.agrupament.cat\/portal\/wp-json\/wp\/v2\/posts\/30232\/revisions"}],"predecessor-version":[{"id":30233,"href":"https:\/\/www.agrupament.cat\/portal\/wp-json\/wp\/v2\/posts\/30232\/revisions\/30233"}],"wp:featuredmedia":[{"embeddable":true,"href":"https:\/\/www.agrupament.cat\/portal\/wp-json\/wp\/v2\/media\/6305"}],"wp:attachment":[{"href":"https:\/\/www.agrupament.cat\/portal\/wp-json\/wp\/v2\/media?parent=30232"}],"wp:term":[{"taxonomy":"category","embeddable":true,"href":"https:\/\/www.agrupament.cat\/portal\/wp-json\/wp\/v2\/categories?post=30232"},{"taxonomy":"post_tag","embeddable":true,"href":"https:\/\/www.agrupament.cat\/portal\/wp-json\/wp\/v2\/tags?post=30232"}],"curies":[{"name":"wp","href":"https:\/\/api.w.org\/{rel}","templated":true}]}}