{"id":30179,"date":"2020-05-07T10:32:54","date_gmt":"2020-05-07T08:32:54","guid":{"rendered":"https:\/\/www.agrupament.cat\/portal\/?p=30179"},"modified":"2020-05-07T10:32:54","modified_gmt":"2020-05-07T08:32:54","slug":"renfe-recuperara-de-forma-gradual-lactivitat-habitual-als-nuclis-de-cercanias-i-rodalies-a-partir-de-l11-de-maig","status":"publish","type":"post","link":"https:\/\/www.agrupament.cat\/portal\/2020\/05\/renfe-recuperara-de-forma-gradual-lactivitat-habitual-als-nuclis-de-cercanias-i-rodalies-a-partir-de-l11-de-maig\/","title":{"rendered":"Renfe recuperar\u00e0 de forma gradual l\u2019activitat habitual als nuclis de Cercan\u00edas i Rodalies a partir de l\u201911 de maig"},"content":{"rendered":"<p>L\u2019operadora llan\u00e7a una campanya amb recomanacions per als viatgers<br \/>\n<strong>\u00b7 Per recuperar la normalitat del servei resulta essencial mantenir mesures de dist\u00e0ncia social, una responsabilitat fonamentalment de cadascun dels viatgers<\/strong><br \/>\n<strong>\u00b7 Per viatjar en transport p\u00fablic ser\u00e0 necessari utilitzar mascareta<\/strong><br \/>\n<strong>\u00b7 Com a norma general, es recomana evitar el transport p\u00fablic i, si s\u2019hi ha d\u2019utilitzar, evitar les hores punta sempre que sigui possible<\/strong><\/p>\n<p>Madrid, 6 de maig de 2020 (Renfe). De forma gradual i adaptada, Renfe recuperar\u00e0 a partir del pr\u00f2xim 11 de maig l\u2019activitat habitual dels trens als diferents nuclis de Cercan\u00edas i Rodalies.<\/p>\n<p>Des de la declaraci\u00f3 de l\u2019Estat d\u2019Alarma, motivada per la pand\u00e8mia de coronavirus, Renfe ha adaptat els seus serveis de Rodalies a les necessitats dels diferents escenaris de mobilitat decretats pel Govern, per complir amb les mesures de seguretat entre viatgers i oferir un servei b\u00e0sic a qui ha de despla\u00e7ar-se, per motius inajornables o professionals, al seu lloc de feina.<\/p>\n<p>La recuperaci\u00f3 de l\u2019activitat habitual ser\u00e0 gradual i adaptada a la demanda de cada nucli, garantint un nombre de freq\u00fc\u00e8ncies suficient per facilitar la dist\u00e0ncia de seguretat entre viatgers i per evitar aglomeracions. En aquest sentit, Renfe incrementar\u00e0 les freq\u00fc\u00e8ncies, especialment durant les hores punta, per garantir la mobilitat dels viatgers.<\/p>\n<p>Per fer-ho, Renfe llan\u00e7ar\u00e0 \u2018Estar cada cop m\u00e9s a prop dep\u00e8n tamb\u00e9 de tu\u2019, una campanya de comunicaci\u00f3 per donar a con\u00e8ixer a tots els usuaris de Rodalies les recomanacions, mesures obligat\u00f2ries i condicions del servei.<\/p>\n<p>Durant les setmanes en les quals s\u2019ha perllongat l\u2019Estat d\u2019Alarma, els diferents nuclis de Rodalies han registrat caigudes de demanda d\u2019entre el 90 i el 95% en relaci\u00f3 amb dies equivalents de l\u2019any 2019.<\/p>\n<p>Alguns grans nuclis, com Cercan\u00edas de Madrid i rodalia de Barcelona, ja han comen\u00e7at a aplicar elements distintius que van en la l\u00ednia de respectar la dist\u00e0ncia social amb marques a terra i missatges informatius als canals de comunicaci\u00f3 habituals amb el client.<\/p>\n<p>Per a la recuperaci\u00f3 de la normalitat en el servei resulta essencial mantenir les mesures de dist\u00e0ncia social, responsabilitat fonamentalment de cadascun dels viatgers, amb la col\u00b7laboraci\u00f3 de les institucions i les empreses p\u00fabliques per tal que la dist\u00e0ncia es pugui complir.<\/p>\n<p>Recomanacions generals per al transport p\u00fablic<br \/>\nRenfe comen\u00e7ar\u00e0 els pr\u00f2xims dies una campanya informativa adre\u00e7ada als viatgers per informar-los de les recomanacions en aquest nou escenari.<\/p>\n<p>La campanya, amb el lema \u2018Estar cada cop m\u00e9s a prop dep\u00e8n tamb\u00e9 de tu\u2019, es difondr\u00e0 a trav\u00e9s de mitjans de comunicaci\u00f3 i de suports a estacions i trens. L\u2019objectiu \u00e9s donar a con\u00e8ixer les recomanacions de les autoritats sanit\u00e0ries per viatjar en transport p\u00fablic.<\/p>\n<p><strong>RECOMANACIONS PER VIATJAR EN TRANSPORT P\u00daBLIC<\/strong><br \/>\n1.- No utilitzi el transport p\u00fablic si est\u00e0 diagnosticat de COVID-19 o si vost\u00e8, o alg\u00fa del seu domicili, t\u00e9 s\u00edmptomes compatibles amb la malaltia.<br \/>\n2.- Eviti els despla\u00e7aments si no s\u00f3n estrictament necessaris. Utilitzi sempre que pugui mitjans telem\u00e0tics per realitzar la seva feina o les seves gestions.<br \/>\n3.- Si ha de despla\u00e7ar-se, faci-ho preferentment a peu, en bicicleta o en qualsevol altre mode de transport individual.<br \/>\n4.- Consulti els horaris abans de sortir de viatge i programi el seu despla\u00e7ament amb temps suficient. Mantingui\u2019s informat sobre serveis redu\u00efts, parades suprimides i estacions tancades.<br \/>\n5.- Procuri evitar el transport p\u00fablic si pertany a un grup de risc.<br \/>\n6.- Eviti les hores punta sempre que sigui possible.<br \/>\n7.- Pagui amb targeta i utilitzi preferentment les m\u00e0quines autovenda.<br \/>\n8.- Mantingui les normes d\u2019higiene respirat\u00f2ria.<br \/>\n9.- Dugui mascareta quan utilitzi el transport p\u00fablic, tant dins dels trens com a les estacions, parades i passadissos.<br \/>\n10.- Eviti, tant com sigui possible, parlar amb altres usuaris o per tel\u00e8fon. No consumeixi aliments o begudes.<br \/>\n11.- Procuri mantenir la dist\u00e0ncia social amb altres usuaris.<br \/>\n&#8211;\u00a0 A les sortides i entrades de les estacions deixi sempre espai suficient amb altres usuaris, especialment si es formessin cues en el moment de validar el seu bitllet.<br \/>\n&#8211;\u00a0 Distribueixi\u2019s a les andanes i a l\u2019interior dels trens de manera que es mantingui la dist\u00e0ncia social.<br \/>\n&#8211;\u00a0 A les escales mec\u00e0niques mantingui una sola filera, sense avan\u00e7ar als que es trobin davant seu i mantingui la separaci\u00f3 d\u2019almenys dos esglaons.<br \/>\n&#8211;\u00a0 No utilitzi els ascensors, llevat de casos imprescindibles.<br \/>\n&#8211;\u00a0 Mantingui una dist\u00e0ncia prudencial fins a la vora de l\u2019andana a l\u2019arribada del tren i no s\u2019apropi a les portes de la baixada de clients.<br \/>\n12.- Presti atenci\u00f3 a la senyalitzaci\u00f3, als avisos per megafonia i a les indicacions del personal ferroviari.<br \/>\n13.- Abans d\u2019iniciar el seu despla\u00e7ament i quan el finalitzi, renti\u2019s b\u00e9 les mans amb aigua i sab\u00f3 o amb un gel hidroalcoh\u00f2lic.<br \/>\n14.- Romangui a l\u2019estaci\u00f3 el temps m\u00ednim imprescindible.<\/p>\n","protected":false},"excerpt":{"rendered":"<p>L\u2019operadora llan\u00e7a una campanya amb recomanacions per als viatgers \u00b7 Per recuperar la normalitat del servei resulta essencial mantenir mesures<\/p>\n","protected":false},"author":4,"featured_media":0,"comment_status":"closed","ping_status":"open","sticky":false,"template":"","format":"standard","meta":{"footnotes":""},"categories":[818],"tags":[17,72,21],"class_list":["post-30179","post","type-post","status-publish","format-standard","hentry","category-notes-de-premsa","tag-afectacions-e-incidencies","tag-renfe-operadora","tag-viatges","comments-off"],"_links":{"self":[{"href":"https:\/\/www.agrupament.cat\/portal\/wp-json\/wp\/v2\/posts\/30179","targetHints":{"allow":["GET"]}}],"collection":[{"href":"https:\/\/www.agrupament.cat\/portal\/wp-json\/wp\/v2\/posts"}],"about":[{"href":"https:\/\/www.agrupament.cat\/portal\/wp-json\/wp\/v2\/types\/post"}],"author":[{"embeddable":true,"href":"https:\/\/www.agrupament.cat\/portal\/wp-json\/wp\/v2\/users\/4"}],"replies":[{"embeddable":true,"href":"https:\/\/www.agrupament.cat\/portal\/wp-json\/wp\/v2\/comments?post=30179"}],"version-history":[{"count":1,"href":"https:\/\/www.agrupament.cat\/portal\/wp-json\/wp\/v2\/posts\/30179\/revisions"}],"predecessor-version":[{"id":30180,"href":"https:\/\/www.agrupament.cat\/portal\/wp-json\/wp\/v2\/posts\/30179\/revisions\/30180"}],"wp:attachment":[{"href":"https:\/\/www.agrupament.cat\/portal\/wp-json\/wp\/v2\/media?parent=30179"}],"wp:term":[{"taxonomy":"category","embeddable":true,"href":"https:\/\/www.agrupament.cat\/portal\/wp-json\/wp\/v2\/categories?post=30179"},{"taxonomy":"post_tag","embeddable":true,"href":"https:\/\/www.agrupament.cat\/portal\/wp-json\/wp\/v2\/tags?post=30179"}],"curies":[{"name":"wp","href":"https:\/\/api.w.org\/{rel}","templated":true}]}}