{"id":30151,"date":"2020-05-01T08:00:37","date_gmt":"2020-05-01T06:00:37","guid":{"rendered":"https:\/\/www.agrupament.cat\/portal\/?p=30151"},"modified":"2020-05-04T20:29:54","modified_gmt":"2020-05-04T18:29:54","slug":"fgc-vol-reconeixer-lesforc-i-el-compromis-dels-seus-treballadors-i-treballadores-durant-la-pandemia","status":"publish","type":"post","link":"https:\/\/www.agrupament.cat\/portal\/2020\/05\/fgc-vol-reconeixer-lesforc-i-el-compromis-dels-seus-treballadors-i-treballadores-durant-la-pandemia\/","title":{"rendered":"FGC vol recon\u00e8ixer l\u2019esfor\u00e7 i el comprom\u00eds dels seus treballadors i treballadores durant la pand\u00e8mia"},"content":{"rendered":"<p><strong>\u2022 Amb motiu de l\u20191 de Maig, l\u2019empresa vol fer visible la feina d\u2019agents d\u2019atenci\u00f3 al client, maquinistes, personal de manteniment i tota aquella estructura que permet mantenir el servei essencial en un moment molt exigent<\/strong><br \/>\n<strong>\u2022 Aquest reconeixement es fa extensiu a totes les \u00e0rees d\u2019FGC i tamb\u00e9 als sectors que durant tot el confinament est\u00e0 garantint els serveis sanitaris i cobrint les necessitats b\u00e0siques de la poblaci\u00f3<\/strong><\/p>\n<p>En un 1 de Maig, Dia Internacional dels Treballadors, amb la declaraci\u00f3 de l\u2019estat d\u2019alarma, el confinament i la prohibici\u00f3 dels actes multitudinaris per frenar la pand\u00e8mia del coronavirus, Ferrocarrils de la Generalitat de Catalunya (FGC), com a empresa p\u00fablica de serveis essencials, vol fer visible la feina que estan duent a terme les diferents \u00e0rees de l\u2019empresa que permeten garantir aquest servei. Amb la seva dedicaci\u00f3, esfor\u00e7 i comprom\u00eds garanteixen la mobilitat d\u2019aquelles persones que, en aquest context de confinament, tamb\u00e9 estan exercint serveis absolutament imprescindibles i necessaris en el sector sanitari, l\u2019alimentari i d\u2019abastiment, entre d\u2019altres.<\/p>\n<p>L\u2019agra\u00efment \u00e9s, sobretot, per als i les agents que estan en primera l\u00ednia a les estacions o conduint trens, i els i les treballadors i treballadores del Centre de Comandament Integrat, atenent les necessitats de mobilitat de la poblaci\u00f3. El reconeixement \u00e9s extensiu a totes les \u00e0rees de l\u2019empresa: a aquelles persones que treballen perqu\u00e8 les instal\u00b7lacions i els equipaments es trobin en excel\u00b7lents condicions higi\u00e8niques i sanit\u00e0ries, a les que permeten que les persones puguin treballar des de casa, a les responsables dels manteniments de sistemes i de les comunicacions, dels aprovisionaments, de la gesti\u00f3 del personal o del pagament de n\u00f2mines, entre altres.<\/p>\n<p>En aquest sentit, el president d\u2019FGC, Ricard Font, ha afirmat que \u201csense el comprom\u00eds i la dedicaci\u00f3 del personal treballador de Ferrocarrils no haur\u00edem pogut donar el servei amb la qualitat, la precisi\u00f3 i l\u2019exig\u00e8ncia que requeria el moment. Vull agrair l\u2019esfor\u00e7 de tots els nostres treballadors i treballadores.<\/p>\n<p>Som conscients d\u2019aquest esfor\u00e7 i tamb\u00e9 que aquest moment excepcional no nom\u00e9s no ha acabat, sin\u00f3 que haurem d\u2019encarar un moment dif\u00edcil amb la desescalada del confinament per la COVID-19 que ens exigir\u00e0 continuar donant un bon servei per a la mobilitat de qui necessiti traslladar-se\u201d.<\/p>\n<p>FGC ha seguit des de l\u2019inici totes les indicacions de les autoritats sanit\u00e0ries i de mobilitat i les ha aplicades de manera escrupolosa. Tamb\u00e9, la feina de totes les persones de Ferrocarrils contribueix a qu\u00e8 les autoritats puguin articular les estrat\u00e8gies de control de la pand\u00e8mia, at\u00e8s que permet que les necessitats b\u00e0siques en aquesta \u00e8poca cr\u00edtica estiguin cobertes.<\/p>\n<p>FGC vol fer extensiu aquest reconeixement tamb\u00e9 als treballadors de la resta d\u2019empreses operadores, aix\u00ed com personal sanitari, d\u2019emerg\u00e8ncies, d\u2019abastiment de serveis b\u00e0sics com l\u2019alimentari, que estan vetllant per tots nosaltres en un context molt complicat i exigent.<br \/>\n30 d\u2019abril de 2020<\/p>\n","protected":false},"excerpt":{"rendered":"<p>\u2022 Amb motiu de l\u20191 de Maig, l\u2019empresa vol fer visible la feina d\u2019agents d\u2019atenci\u00f3 al client, maquinistes, personal de<\/p>\n","protected":false},"author":4,"featured_media":30152,"comment_status":"closed","ping_status":"open","sticky":false,"template":"","format":"standard","meta":{"footnotes":""},"categories":[818],"tags":[47],"class_list":["post-30151","post","type-post","status-publish","format-standard","has-post-thumbnail","hentry","category-notes-de-premsa","tag-fgc-ferrocarrils-de-la-generalitat-de-catalunya","comments-off"],"_links":{"self":[{"href":"https:\/\/www.agrupament.cat\/portal\/wp-json\/wp\/v2\/posts\/30151","targetHints":{"allow":["GET"]}}],"collection":[{"href":"https:\/\/www.agrupament.cat\/portal\/wp-json\/wp\/v2\/posts"}],"about":[{"href":"https:\/\/www.agrupament.cat\/portal\/wp-json\/wp\/v2\/types\/post"}],"author":[{"embeddable":true,"href":"https:\/\/www.agrupament.cat\/portal\/wp-json\/wp\/v2\/users\/4"}],"replies":[{"embeddable":true,"href":"https:\/\/www.agrupament.cat\/portal\/wp-json\/wp\/v2\/comments?post=30151"}],"version-history":[{"count":1,"href":"https:\/\/www.agrupament.cat\/portal\/wp-json\/wp\/v2\/posts\/30151\/revisions"}],"predecessor-version":[{"id":30153,"href":"https:\/\/www.agrupament.cat\/portal\/wp-json\/wp\/v2\/posts\/30151\/revisions\/30153"}],"wp:featuredmedia":[{"embeddable":true,"href":"https:\/\/www.agrupament.cat\/portal\/wp-json\/wp\/v2\/media\/30152"}],"wp:attachment":[{"href":"https:\/\/www.agrupament.cat\/portal\/wp-json\/wp\/v2\/media?parent=30151"}],"wp:term":[{"taxonomy":"category","embeddable":true,"href":"https:\/\/www.agrupament.cat\/portal\/wp-json\/wp\/v2\/categories?post=30151"},{"taxonomy":"post_tag","embeddable":true,"href":"https:\/\/www.agrupament.cat\/portal\/wp-json\/wp\/v2\/tags?post=30151"}],"curies":[{"name":"wp","href":"https:\/\/api.w.org\/{rel}","templated":true}]}}