{"id":30028,"date":"2020-04-09T12:11:20","date_gmt":"2020-04-09T10:11:20","guid":{"rendered":"http:\/\/www.agrupament.cat\/portal\/?p=30028"},"modified":"2020-04-09T12:11:20","modified_gmt":"2020-04-09T10:11:20","slug":"fgc-adapta-el-servei-un-cop-finalitzada-la-suspensio-temporal-del-pagament-al-transport-public","status":"publish","type":"post","link":"https:\/\/www.agrupament.cat\/portal\/2020\/04\/fgc-adapta-el-servei-un-cop-finalitzada-la-suspensio-temporal-del-pagament-al-transport-public\/","title":{"rendered":"FGC adapta el servei un cop finalitzada la suspensi\u00f3 temporal del pagament al transport p\u00fablic"},"content":{"rendered":"<p>08\/04\/2020<br \/>\n<strong>\u00b7 A partir d\u2019aquest divendres, 10 d\u2019abril, el sistema d\u2019\u00fas de totes les l\u00ednies d\u2019FGC torna a ser l\u2019habitual i, per tant, caldr\u00e0 disposar del t\u00edtol de transport en vigor i validar-lo a les m\u00e0quines de control de passatgers<\/strong><br \/>\n<strong>\u00b7 Pel que fa als t\u00edtols que s\u2019han utilitzat entre el 2 i el 9 d\u2019abril cal guardar-los i un cop acabi el per\u00edode d\u2019emerg\u00e8ncia l\u2019ATM de Barcelona compensar\u00e0 aquests vuit dies de gratu\u00eftat<\/strong><\/p>\n<p>Ferrocarrils de la Generalitat de Catalunya (FGC) recupera a partir d\u2019aquest divendres, 10 d\u2019abril, el sistema d\u2019\u00fas habitual del transport p\u00fablic, un cop finalitzat el per\u00edode de suspensi\u00f3 temporal del pagament que ha estat actiu entre el 2 i el 9 d\u2019abril. El Consell d\u2019Administraci\u00f3 de l\u2019Autoritat del Transport Metropolit\u00e0 (ATM) de l\u2019\u00e0rea de Barcelona va aprovar per unanimitat la setmana passada la suspensi\u00f3 temporal del pagament de les tarifes del transport p\u00fablic entre aquest per\u00edode de temps. Aquest acord, consensuat per la Generalitat de Catalunya, Ajuntament de Barcelona, \u00c0rea Metropolitana de Barcelona (AMB) i Associaci\u00f3 de municipis per la Mobilitat i el Transport Urb\u00e0 (AMTU), doncs, expira aquest dijous, que ser\u00e0 l\u2019\u00faltim dia en el qual aquesta mesura romandr\u00e0 vigent. A partir de les 00 h del 10 d\u2019abril, (mitjanit de dijous a divendres), quedar\u00e0 restitu\u00eft el pagament de les tarifes integrades del transport p\u00fablic a l\u2019\u00e0rea de Barcelona, tal i com estava previst.<\/p>\n<p>D\u2019aquesta manera, les persones que viatgin amb FGC a partir de divendres hauran de disposar d\u2019un t\u00edtol de transport en vigor i validar-lo a les m\u00e0quines de control de passatgers, com \u00e9s habitual.<\/p>\n<p>La mesura aplicada els darrers dies ha coincidit amb la restricci\u00f3 excepcional de la mobilitat, derivada de l\u2019aturada de tots els sectors econ\u00f2mics que fossin serveis no essencials. Per tant, es tractava de posar la xarxa a disposici\u00f3 d\u2019aquelles persones dedicades a serveis essencials i autoritzades a despla\u00e7ar-se, quelcom que, durant aquests dies, els cossos de seguretat han contribu\u00eft a garantir.<\/p>\n<p>Seguint les indicacions de L\u2019ATM de Barcelona, totes les persones usu\u00e0ries que han fet \u00fas del transport p\u00fablic entre el 2 i el 9 d\u2019abril han de guardar qualsevol abonament de transport la validesa del qual estigu\u00e9s en marxa durant aquest interval de vuit dies. Un cop acabi el per\u00edode d\u2019emerg\u00e8ncia, es compensaran aquests vuit dies de gratu\u00eftat (o els dies corresponents no aprofitats, en cas que el t\u00edtol hagi caducat entre el 2 i el 9 d\u2019abril), en tant que l\u2019atenci\u00f3 i sol\u00b7licituds presencials estan temporalment interrompudes.<\/p>\n<p><strong>Descens d\u2019un 28% de la demanda<\/strong><br \/>\nDes que es va limitar la mobilitat laboral exclusivament als despla\u00e7aments de les persones que es dediquen als serveis essencials, el dia 30 de mar\u00e7, la demanda a les l\u00ednies metropolitanes d\u2019FGC s\u2019ha redu\u00eft un 28% respecte les setmanes anterior. Aix\u00ed, si la setmana del 23 de mar\u00e7 hi va haver 141.616 despla\u00e7aments de dilluns a diumenge, la setmana del 30 de mar\u00e7 aquesta xifra es va situar en 101.409 viatges. I la tend\u00e8ncia s\u2019ha mantingut des de dilluns d\u2019aquesta Setmana Santa.<\/p>\n<p><strong>Mesures per prevenir la propagaci\u00f3 del virus<\/strong><br \/>\nDes de l\u2019inici de la situaci\u00f3 d\u2019emerg\u00e8ncia sanit\u00e0ria, el servei que presta FGC s\u2019ha anat ajustant d\u2019acord a les indicacions rebudes per part del Govern i de l\u2019Autoritat del Transport Metropolit\u00e0 (ATM) de Barcelona, i d\u2019acord amb la demanda, que ha caigut a l\u2019entorn d\u2019un 90-95%, segons les setmanes.<\/p>\n<p>En tot moment, la concentraci\u00f3 de persones a tots els trens i totes les andanes est\u00e0 per sota d\u2019un ter\u00e7 (el 33%) de la seva capacitat, garantint d\u2019aquesta manera la dist\u00e0ncia de seguretat recomanada entre persones.<\/p>\n<p>Pel que fa a la resta de mesures higi\u00e8niques que FGC ha anat prenent des de l\u2019inici de l\u2019episodi, seguint all\u00f2 establert en el seu Pla de conting\u00e8ncia per minimitzar el risc d\u2019infecci\u00f3 entre els clients, continuen vigents. <strong>Algunes d\u2019aquestes mesures s\u00f3n:<\/strong><br \/>\n\u00b7 Increment de les mesures d\u2019higiene di\u00e0ria a les instal\u00b7lacions.<br \/>\n\u00b7 A les estacions es fa neteja a fons amb productes desinfectants i virucides en tots els \u00e0mbits en els quals hi pot haver moviment de clients i poden tocar el mobiliari de l\u2019estaci\u00f3.<br \/>\n\u00b7 Es desinfecten di\u00e0riament barres, agafadors, botoneres, tauletes, mampares, endolls i marcs de finestres de l\u2019interior dels trens a totes les l\u00ednies; les m\u00e0quines de venda de bitllets, els punts d\u2019informaci\u00f3, les botoneres dels ascensors i els passamans de totes les estacions es netegen freq\u00fcentment.<br \/>\n\u00b7 Els i les maquinistes obren i tanquen totes les portes dels trens autom\u00e0ticament perqu\u00e8 el passatge no hagi de tocar les botoneres de portes.<br \/>\n\u00b7 Els ascensors s\u2019operen a dist\u00e0ncia de forma centralitzada i s\u2019activen des del Centre de Control d\u2019FGC perqu\u00e8 les persones no hagin de pr\u00e9mer els botons.<br \/>\n\u00b7 Les portes no autom\u00e0tiques de les estacions es mantenen obertes per minimitzar la seva manipulaci\u00f3.<br \/>\n\u00b7 Tancament al p\u00fablic els Centres d\u2019Atenci\u00f3 al Client, l\u2019Oficina de confecci\u00f3 de carnets de pensionista. L\u2019atenci\u00f3 es fa via telef\u00f2nica.<br \/>\nA m\u00e9s d\u2019aquestes mesures, FGC tamb\u00e9 comunica als seus clients, mitjan\u00e7ant diversos canals, altres mesures d\u2019autoprotecci\u00f3 que cal tenir en comptes per minimitzar el contagi, com ara rentar-se les mans sovint; mantenir la dist\u00e0ncia de seguretat amb altres persones; tapar-se la boca i el nas amb mocadors d\u2019un sol \u00fas o amb la cara interna del colze en el moment de tossir o esternudar i rentar-se les mans de seguida, entre altres.<\/p>\n","protected":false},"excerpt":{"rendered":"<p>08\/04\/2020 \u00b7 A partir d\u2019aquest divendres, 10 d\u2019abril, el sistema d\u2019\u00fas de totes les l\u00ednies d\u2019FGC torna a ser l\u2019habitual<\/p>\n","protected":false},"author":4,"featured_media":26141,"comment_status":"closed","ping_status":"open","sticky":false,"template":"","format":"standard","meta":{"footnotes":""},"categories":[818],"tags":[47,21],"class_list":["post-30028","post","type-post","status-publish","format-standard","has-post-thumbnail","hentry","category-notes-de-premsa","tag-fgc-ferrocarrils-de-la-generalitat-de-catalunya","tag-viatges","comments-off"],"_links":{"self":[{"href":"https:\/\/www.agrupament.cat\/portal\/wp-json\/wp\/v2\/posts\/30028","targetHints":{"allow":["GET"]}}],"collection":[{"href":"https:\/\/www.agrupament.cat\/portal\/wp-json\/wp\/v2\/posts"}],"about":[{"href":"https:\/\/www.agrupament.cat\/portal\/wp-json\/wp\/v2\/types\/post"}],"author":[{"embeddable":true,"href":"https:\/\/www.agrupament.cat\/portal\/wp-json\/wp\/v2\/users\/4"}],"replies":[{"embeddable":true,"href":"https:\/\/www.agrupament.cat\/portal\/wp-json\/wp\/v2\/comments?post=30028"}],"version-history":[{"count":1,"href":"https:\/\/www.agrupament.cat\/portal\/wp-json\/wp\/v2\/posts\/30028\/revisions"}],"predecessor-version":[{"id":30029,"href":"https:\/\/www.agrupament.cat\/portal\/wp-json\/wp\/v2\/posts\/30028\/revisions\/30029"}],"wp:featuredmedia":[{"embeddable":true,"href":"https:\/\/www.agrupament.cat\/portal\/wp-json\/wp\/v2\/media\/26141"}],"wp:attachment":[{"href":"https:\/\/www.agrupament.cat\/portal\/wp-json\/wp\/v2\/media?parent=30028"}],"wp:term":[{"taxonomy":"category","embeddable":true,"href":"https:\/\/www.agrupament.cat\/portal\/wp-json\/wp\/v2\/categories?post=30028"},{"taxonomy":"post_tag","embeddable":true,"href":"https:\/\/www.agrupament.cat\/portal\/wp-json\/wp\/v2\/tags?post=30028"}],"curies":[{"name":"wp","href":"https:\/\/api.w.org\/{rel}","templated":true}]}}