{"id":30011,"date":"2020-04-08T09:32:28","date_gmt":"2020-04-08T08:32:28","guid":{"rendered":"http:\/\/www.agrupament.cat\/portal\/?p=30011"},"modified":"2020-04-08T09:32:28","modified_gmt":"2020-04-08T08:32:28","slug":"adif-restablece-la-circulacion-ferroviaria-en-la-linea-de-ancho-convencional-lleida-valls-tarragona-barcelona","status":"publish","type":"post","link":"https:\/\/www.agrupament.cat\/portal\/2020\/04\/adif-restablece-la-circulacion-ferroviaria-en-la-linea-de-ancho-convencional-lleida-valls-tarragona-barcelona\/","title":{"rendered":"Adif restablece la circulaci\u00f3n ferroviaria en la l\u00ednea de ancho convencional Lleida-Valls\/Tarragona-Barcelona"},"content":{"rendered":"<p>A partir del pr\u00f3ximo 14 de abril<br \/>\n<strong>\u2022 Se han finalizado las actuaciones necesarias para la reposici\u00f3n de las infraestructuras e instalaciones ferroviarias, que resultaron gravemente da\u00f1adas por el temporal del pasado mes de octubre<\/strong><br \/>\n<strong>\u2022 Adif ha realizado un extraordinario esfuerzo t\u00e9cnico y humano, logrando restablecer el tr\u00e1fico ferroviario aproximadamente un mes antes de la fecha inicialmente prevista<\/strong><br \/>\n<strong>\u2022 Los trabajos suponen la mejora de la capacidad de drenaje transversal para reducir la probabilidad de que la plataforma sufra da\u00f1os de gravedad en caso de episodios similares<\/strong><br \/>\n<strong>\u2022 De este modo, se podr\u00e1n restablecer las conexiones en ancho convencional entre Barcelona y Lleida de las l\u00edneas R13 y R14 de Rodalies y para los tr\u00e1ficos de mercanc\u00edas<\/strong><\/p>\n<p>07\/04\/2020. Adif restablecer\u00e1 a partir del pr\u00f3ximo 14 de abril la circulaci\u00f3n ferroviaria en la l\u00ednea de ancho convencional Lleida-Valls\/Tarragona-Barcelona, una vez se han finalizado las m\u00faltiples actuaciones ejecutadas para la reposici\u00f3n de las infraestructuras e instalaciones que se vieron gravemente afectadas por los efectos de la DANA de los d\u00edas 22 y 23 del pasado mes de octubre.<\/p>\n<p>Adif, que ha destinado 28,3 millones de euros (IVA incluido) a estas obras, ha realizado un extraordinario esfuerzo t\u00e9cnico y humano, dedicando todos los recursos disponibles (tanto propios como de empresas colaboradoras) para normalizar el tr\u00e1fico ferroviario en el menor plazo posible, incluso en las desfavorables condiciones provocadas por la alerta sanitaria.<\/p>\n<p>Gracias a ello, se podr\u00e1 restablecer la circulaci\u00f3n aproximadamente un mes antes de la fecha inicialmente prevista, fijada para mediados de mayo.<\/p>\n<p>Para ello, han trabajado alrededor de 180 personas, entre t\u00e9cnicos de las diferentes \u00e1reas de Adif y operarios de las empresas contratadas, utilizando adem\u00e1s unas 80 m\u00e1quinas (retroexcavadoras, extraviales, buldozers, motoniveladoras, camiones de obra y d\u00famperes, adem\u00e1s de maquinaria espec\u00edfica para el montaje de v\u00eda e instalaciones, entre otras), que han trabajado de forma simult\u00e1nea en los numerosos puntos afectados.<\/p>\n<p>De este modo, se podr\u00e1n restablecer las conexiones ferroviarias para los viajeros entre Lleida y Barcelona por Valls y Tarragona a trav\u00e9s de las l\u00edneas R13 y R14 de Rodalies y para los tr\u00e1ficos de mercanc\u00edas.<\/p>\n<p>El temporal de octubre afect\u00f3 al tramo de 41,5 km comprendido entre las estaciones de Puigverd-Artesa y L\u2019Espluga de Francol\u00ed, provocando la desaparici\u00f3n total de la plataforma en diversos puntos, afecciones a obras de drenaje, arrastres de balasto y v\u00eda, ca\u00edda de postes de catenaria, rotura de cables de se\u00f1alizaci\u00f3n y telecomunicaciones, adem\u00e1s de la desaparici\u00f3n de se\u00f1ales y otros equipos, entre otros destrozos que alcanzaron todos los sistemas ferroviarios. Todo ello deriv\u00f3 en 3 descarrilamientos que agravaron la situaci\u00f3n.<\/p>\n<p>Adif detect\u00f3 70 incidencias, de las que 15 fueron catalogadas con nivel de da\u00f1os alto o muy alto.<\/p>\n<p><strong>Descripci\u00f3n de las actuaciones<\/strong><br \/>\nUno de los principales objetivos de Adif durante los trabajos para la restituci\u00f3n de la v\u00eda, ha sido la mejora de la capacidad de las obras de drenaje transversal, con la construcci\u00f3n de nuevas estructuras capaces de desaguar caudales para avenidas excepcionales con un periodo de retorno de 500 a\u00f1os, muy por encima de la capacidad del drenaje original de la l\u00ednea. De esta manera, se pretende reducir de forma considerable la probabilidad de que la plataforma sufra da\u00f1os de gravedad en caso de episodios similares.<\/p>\n<p>Para ello se han ejecutado un total de 14 nuevas obras de drenaje transversal, materializadas con 1.126 ml de marco prefabricado de hormig\u00f3n con una secci\u00f3n interior que oscila entre los 2 y los 4 m de ancho y entre 1,5 y 2,5 m de altura.<\/p>\n<p>Tambi\u00e9n se han llevado a cabo escolleras de protecci\u00f3n en los taludes de la plataforma, para lo que se han destinado 267.500 Tn de piedra de escollera y se han realizado 180.000 m3 de excavaciones, terraplenando un volumen de 102.000 m3 y vertiendo un total de 9.500 m3 de hormig\u00f3n, principalmente en los refuerzos de escollera.<\/p>\n<p>Asimismo, se ha procedido al levante de la v\u00eda y de la catenaria en un tramo de 2,6 km y se han repuesto en total 5.200 m de carril, 22.000 m de hilo de contacto de la catenaria, 45 postes del sistema de electrificaci\u00f3n, 4.334 traviesas y 11.950 m3 de balasto.<\/p>\n<p>Respecto al sistema de se\u00f1alizaci\u00f3n y comunicaciones, se han instalado 3.925 ml de cable de 2.200 voltios, 16.000 ml de fibra \u00f3ptica y 6.300 ml de canaletas.<\/p>\n<p>Adem\u00e1s, se han llevado a cabo las operaciones t\u00e9cnicas necesarias en la v\u00eda (nivelaci\u00f3n, perfilado y alineaci\u00f3n) mediante maquinaria especializada para garantizar los correctos par\u00e1metros geom\u00e9tricos de la v\u00eda y se han realizado circulaciones de prueba previas a su puesta en servicio.<\/p>\n<p>Por otro lado, Adif sigue trabajando en las obras de reparaci\u00f3n de la infraestructura e instalaciones ferroviarias de la l\u00ednea Lleida-Manresa, que tambi\u00e9n se vieron afectadas por el mismo temporal. En concreto, se act\u00faa en diferentes puntos a lo largo de 80 km entre Pla de Vilanoveta y Calaf. Estos trabajos se desarrollan fundamentalmente en v\u00eda, trincheras y sistemas de energ\u00eda, con un presupuesto estimado superior a los 17,4 millones de euros (IVA incluido).<\/p>\n","protected":false},"excerpt":{"rendered":"<p>A partir del pr\u00f3ximo 14 de abril \u2022 Se han finalizado las actuaciones necesarias para la reposici\u00f3n de las infraestructuras<\/p>\n","protected":false},"author":4,"featured_media":24471,"comment_status":"closed","ping_status":"open","sticky":false,"template":"","format":"standard","meta":{"footnotes":""},"categories":[818],"tags":[71,35,33,298,846,583,32,845],"class_list":["post-30011","post","type-post","status-publish","format-standard","has-post-thumbnail","hentry","category-notes-de-premsa","tag-adif","tag-barcelona","tag-lleida","tag-r13","tag-r14","tag-restabliment-del-servei","tag-tarragona","tag-valls","comments-off"],"_links":{"self":[{"href":"https:\/\/www.agrupament.cat\/portal\/wp-json\/wp\/v2\/posts\/30011","targetHints":{"allow":["GET"]}}],"collection":[{"href":"https:\/\/www.agrupament.cat\/portal\/wp-json\/wp\/v2\/posts"}],"about":[{"href":"https:\/\/www.agrupament.cat\/portal\/wp-json\/wp\/v2\/types\/post"}],"author":[{"embeddable":true,"href":"https:\/\/www.agrupament.cat\/portal\/wp-json\/wp\/v2\/users\/4"}],"replies":[{"embeddable":true,"href":"https:\/\/www.agrupament.cat\/portal\/wp-json\/wp\/v2\/comments?post=30011"}],"version-history":[{"count":1,"href":"https:\/\/www.agrupament.cat\/portal\/wp-json\/wp\/v2\/posts\/30011\/revisions"}],"predecessor-version":[{"id":30012,"href":"https:\/\/www.agrupament.cat\/portal\/wp-json\/wp\/v2\/posts\/30011\/revisions\/30012"}],"wp:featuredmedia":[{"embeddable":true,"href":"https:\/\/www.agrupament.cat\/portal\/wp-json\/wp\/v2\/media\/24471"}],"wp:attachment":[{"href":"https:\/\/www.agrupament.cat\/portal\/wp-json\/wp\/v2\/media?parent=30011"}],"wp:term":[{"taxonomy":"category","embeddable":true,"href":"https:\/\/www.agrupament.cat\/portal\/wp-json\/wp\/v2\/categories?post=30011"},{"taxonomy":"post_tag","embeddable":true,"href":"https:\/\/www.agrupament.cat\/portal\/wp-json\/wp\/v2\/tags?post=30011"}],"curies":[{"name":"wp","href":"https:\/\/api.w.org\/{rel}","templated":true}]}}