{"id":29988,"date":"2020-04-03T11:48:11","date_gmt":"2020-04-03T10:48:11","guid":{"rendered":"http:\/\/www.agrupament.cat\/portal\/?p=29988"},"modified":"2020-04-09T12:24:03","modified_gmt":"2020-04-09T10:24:03","slug":"talgo-colabora-con-renfe-en-la-medicalizacion-de-trenes-para-el-transporte-de-pacientes-del-covid19","status":"publish","type":"post","link":"https:\/\/www.agrupament.cat\/portal\/2020\/04\/talgo-colabora-con-renfe-en-la-medicalizacion-de-trenes-para-el-transporte-de-pacientes-del-covid19\/","title":{"rendered":"Talgo colabora con Renfe en la medicalizaci\u00f3n de trenes para el transporte de pacientes del Covid19"},"content":{"rendered":"<p>02 ABR 2020<br \/>\n<strong>Siguiendo las instrucciones del Ministerio de Transportes, Movilidad y Agenda Urbana, Talgo colabora con Renfe Operadora para adaptar trenes \u2018todoterreno\u2019 que servir\u00e1n, si se necesitasen, para el transporte de pacientes afectados por el coronavirus entre diferentes comunidades aut\u00f3nomas. Talgo ha puesto a disposici\u00f3n del Gobierno de Espa\u00f1a todos sus medios humanos y materiales, como aportaci\u00f3n voluntaria al esfuerzo de todos contra la pandemia, para reconvertir los trenes en hospitales m\u00f3viles.<\/strong><\/p>\n<p>Los trenes medicalizados son del modelo Talgo 250 Dual han sido elegidos por Renfe Operadora por sus caracter\u00edsticas t\u00e9cnicas. Son trenes de piso bajo y sin escal\u00f3n de entrada, los \u00fanicos de esas caracter\u00edsticas con los que cuenta Renfe: al tener todo el suelo situado exactamente a la misma altura que la mayor parte de los andenes de la red ferroviaria espa\u00f1ola, facilitar\u00e1n el traslado de pacientes en camillas, agilizando de esta manera la operaci\u00f3n. Las unidades, adaptadas en las instalaciones conjuntas que Renfe y Talgo tienen en Fuencarral (Madrid), cuentan adem\u00e1s con interiores modulares que han hecho que los trabajos de higienizaci\u00f3n, desmontaje de elementos y anclaje de equipos sanitarios se puedan realizar con la m\u00e1xima rapidez.<\/p>\n<p>Son trenes de ancho variable y con tracci\u00f3n h\u00edbrida, lo que permitir\u00e1 que lleguen a cualquier parte de Espa\u00f1a, ya que pueden utilizar tanto la red ferroviaria de alta velocidad como la red convencional gracias al sistema de cambio de ancho autom\u00e1tico de Talgo, y tanto en aquellos tramos que est\u00e1n electrificados como en aquellos que no tienen catenaria, mediante la utilizaci\u00f3n del sistema de tracci\u00f3n h\u00edbrida alimentado por motores di\u00e9sel.<\/p>\n<p>Para estos trabajos, Talgo ha cedido a la Administraci\u00f3n P\u00fablica espa\u00f1ola todos sus medios propios, con el objetivo de colaborar en todo lo posible para afrontar la actual crisis sanitaria, sin precedentes.<\/p>\n","protected":false},"excerpt":{"rendered":"<p>02 ABR 2020 Siguiendo las instrucciones del Ministerio de Transportes, Movilidad y Agenda Urbana, Talgo colabora con Renfe Operadora para<\/p>\n","protected":false},"author":4,"featured_media":30030,"comment_status":"closed","ping_status":"open","sticky":false,"template":"","format":"standard","meta":{"footnotes":""},"categories":[818],"tags":[17,72,76],"class_list":["post-29988","post","type-post","status-publish","format-standard","has-post-thumbnail","hentry","category-notes-de-premsa","tag-afectacions-e-incidencies","tag-renfe-operadora","tag-talgo","comments-off"],"_links":{"self":[{"href":"https:\/\/www.agrupament.cat\/portal\/wp-json\/wp\/v2\/posts\/29988","targetHints":{"allow":["GET"]}}],"collection":[{"href":"https:\/\/www.agrupament.cat\/portal\/wp-json\/wp\/v2\/posts"}],"about":[{"href":"https:\/\/www.agrupament.cat\/portal\/wp-json\/wp\/v2\/types\/post"}],"author":[{"embeddable":true,"href":"https:\/\/www.agrupament.cat\/portal\/wp-json\/wp\/v2\/users\/4"}],"replies":[{"embeddable":true,"href":"https:\/\/www.agrupament.cat\/portal\/wp-json\/wp\/v2\/comments?post=29988"}],"version-history":[{"count":1,"href":"https:\/\/www.agrupament.cat\/portal\/wp-json\/wp\/v2\/posts\/29988\/revisions"}],"predecessor-version":[{"id":29989,"href":"https:\/\/www.agrupament.cat\/portal\/wp-json\/wp\/v2\/posts\/29988\/revisions\/29989"}],"wp:featuredmedia":[{"embeddable":true,"href":"https:\/\/www.agrupament.cat\/portal\/wp-json\/wp\/v2\/media\/30030"}],"wp:attachment":[{"href":"https:\/\/www.agrupament.cat\/portal\/wp-json\/wp\/v2\/media?parent=29988"}],"wp:term":[{"taxonomy":"category","embeddable":true,"href":"https:\/\/www.agrupament.cat\/portal\/wp-json\/wp\/v2\/categories?post=29988"},{"taxonomy":"post_tag","embeddable":true,"href":"https:\/\/www.agrupament.cat\/portal\/wp-json\/wp\/v2\/tags?post=29988"}],"curies":[{"name":"wp","href":"https:\/\/api.w.org\/{rel}","templated":true}]}}