{"id":29756,"date":"2020-03-26T11:08:17","date_gmt":"2020-03-26T10:08:17","guid":{"rendered":"http:\/\/www.agrupament.cat\/portal\/?p=29756"},"modified":"2020-03-26T11:08:17","modified_gmt":"2020-03-26T10:08:17","slug":"francia-prepara-un-tren-hospital-para-trasladar-enfermos-con-coronavirus","status":"publish","type":"post","link":"https:\/\/www.agrupament.cat\/portal\/2020\/03\/francia-prepara-un-tren-hospital-para-trasladar-enfermos-con-coronavirus\/","title":{"rendered":"Francia prepara un tren hospital para trasladar enfermos con coronavirus"},"content":{"rendered":"<p>El Gobierno franc\u00e9s inform\u00f3 que tiene listo este medio de transporte de alta velocidad y para mpver de forma segura a pacientes de la regi\u00f3n de Alsacia a otros hospitales del pa\u00eds<br \/>\nEl Peri\u00f3dico PAR\u00cdS &#8211; MI\u00c9RCOLES, 25\/03\/2020<\/p>\n<p>Las autoridades francesas tienen previsto utilizar el primer tren de alta velocidad medicalizado de Europa, para trasladar a enfermos de Covid-19, seg\u00fan ha informado el ministro de Sanidad, Olivier Veran. El tren, que ha sido especialmente adaptado, ser\u00e1 utilizado para el traslado de los pacientes desde los hospitales de la regi\u00f3n de Alsacia, donde se encuentran sobrecargados, a otras partes del pa\u00eds.<\/p>\n<p>M\u00e1s informaci\u00f3n: <span style=\"color: #ff0000;\"><strong><a style=\"color: #ff0000;\" href=\"https:\/\/www.elperiodico.com\/es\/internacional\/20200325\/francia-tren-hospital-enfermos-coronavirus-7903828\">El Peri\u00f3dico<\/a> <\/strong><\/span><\/p>\n","protected":false},"excerpt":{"rendered":"<p>El Gobierno franc\u00e9s inform\u00f3 que tiene listo este medio de transporte de alta velocidad y para mpver de forma segura<\/p>\n","protected":false},"author":4,"featured_media":0,"comment_status":"closed","ping_status":"open","sticky":false,"template":"","format":"standard","meta":{"footnotes":""},"categories":[835],"tags":[17,103,836,472],"class_list":["post-29756","post","type-post","status-publish","format-standard","hentry","category-premsa-escrita","tag-afectacions-e-incidencies","tag-francia","tag-publicacions-diaris-i-revistes","tag-sncf","comments-off"],"_links":{"self":[{"href":"https:\/\/www.agrupament.cat\/portal\/wp-json\/wp\/v2\/posts\/29756","targetHints":{"allow":["GET"]}}],"collection":[{"href":"https:\/\/www.agrupament.cat\/portal\/wp-json\/wp\/v2\/posts"}],"about":[{"href":"https:\/\/www.agrupament.cat\/portal\/wp-json\/wp\/v2\/types\/post"}],"author":[{"embeddable":true,"href":"https:\/\/www.agrupament.cat\/portal\/wp-json\/wp\/v2\/users\/4"}],"replies":[{"embeddable":true,"href":"https:\/\/www.agrupament.cat\/portal\/wp-json\/wp\/v2\/comments?post=29756"}],"version-history":[{"count":1,"href":"https:\/\/www.agrupament.cat\/portal\/wp-json\/wp\/v2\/posts\/29756\/revisions"}],"predecessor-version":[{"id":29757,"href":"https:\/\/www.agrupament.cat\/portal\/wp-json\/wp\/v2\/posts\/29756\/revisions\/29757"}],"wp:attachment":[{"href":"https:\/\/www.agrupament.cat\/portal\/wp-json\/wp\/v2\/media?parent=29756"}],"wp:term":[{"taxonomy":"category","embeddable":true,"href":"https:\/\/www.agrupament.cat\/portal\/wp-json\/wp\/v2\/categories?post=29756"},{"taxonomy":"post_tag","embeddable":true,"href":"https:\/\/www.agrupament.cat\/portal\/wp-json\/wp\/v2\/tags?post=29756"}],"curies":[{"name":"wp","href":"https:\/\/api.w.org\/{rel}","templated":true}]}}