{"id":29723,"date":"2020-03-22T08:00:11","date_gmt":"2020-03-22T07:00:11","guid":{"rendered":"http:\/\/www.agrupament.cat\/portal\/?p=29723"},"modified":"2020-03-23T22:41:14","modified_gmt":"2020-03-23T21:41:14","slug":"mes-de-300-000-persones-deixen-de-viatjar-amb-fgc-cada-dia-per-la-reduccio-de-la-mobilitat-pel-coronavirus","status":"publish","type":"post","link":"https:\/\/www.agrupament.cat\/portal\/2020\/03\/mes-de-300-000-persones-deixen-de-viatjar-amb-fgc-cada-dia-per-la-reduccio-de-la-mobilitat-pel-coronavirus\/","title":{"rendered":"M\u00e9s de 300.000 persones deixen de viatjar amb FGC cada dia per la reducci\u00f3 de la mobilitat pel coronavirus"},"content":{"rendered":"<p>21\/03\/202<br \/>\n<strong>\u00b7 La demanda a les l\u00ednies Barcelona-Vall\u00e8s i Llobregat-Anoia s\u2019ha redu\u00eft un 90% i a la l\u00ednia Lleida-La Pobla de Segur, a l\u2019entorn del 82%<\/strong><br \/>\n<strong>\u00b7 FGC ha refor\u00e7at les mesures d\u2019higiene per minimitzar el risc de contagi entre la ciutadania que, malgrat les indicacions de restricci\u00f3 de la mobilitat decretades per les autoritats, es veu obligada a viatjar i entre les persones treballadores que garanteixen seguir prestant un servei de qualitat<\/strong><\/p>\n<p>La reducci\u00f3 de la demanda a les l\u00ednies de Ferrocarrils de la Generalitat de Catalunya (FGC) s\u2019ha situat a l\u2019entorn del 90%. Les recomanacions i indicacions per reduir la mobilitat per l\u2019alerta del coronavirus s\u2019han tradu\u00eft en una disminuci\u00f3 de m\u00e9s de 300.000 despla\u00e7aments diaris a les l\u00ednies d\u2019FGC. Per a les persones que es veuen obligades a utilitzar el transport p\u00fablic per als seus despla\u00e7aments i per al personal de la companyia que garanteix seguir prestant un servei de qualitat, la companyia ha aplicat un paquet de mesures higi\u00e8niques espec\u00edfiques tant als trens com a les estacions, instal\u00b7lacions i oficines amb l\u2019objectiu de minimitzar el risc de contagi. Tamb\u00e9 ha realitzat un conjunt d\u2019actuacions de caire informatiu i organitzatiu dirigides a les persones que treballen a FGC.<\/p>\n<p><img loading=\"lazy\" decoding=\"async\" class=\"alignleft size-full wp-image-29730\" src=\"http:\/\/www.agrupament.cat\/portal\/wp-content\/uploads\/2020\/03\/FGC-Evolucio-demanda.png\" alt=\"\" width=\"400\" height=\"300\" srcset=\"https:\/\/www.agrupament.cat\/portal\/wp-content\/uploads\/2020\/03\/FGC-Evolucio-demanda.png 400w, https:\/\/www.agrupament.cat\/portal\/wp-content\/uploads\/2020\/03\/FGC-Evolucio-demanda-300x225.png 300w\" sizes=\"auto, (max-width: 400px) 100vw, 400px\" \/><\/p>\n<p>&nbsp;<\/p>\n<p>Segons les xifres d\u2019aquesta setmana, el comportament de la demanda ha estat clarament a la baixa i s\u2019ha notat, sobretot, en aquest passat dilluns i dimarts, quan la reducci\u00f3 havia arribat al 86% i al 89%, respectivament, a les l\u00ednies metropolitanes. A partir de dimecres, la reducci\u00f3 ja va superat el 90%. Per l\u00ednies, la disminuci\u00f3 a la Barcelona-Vall\u00e8s ha estat del 91% i a la Llobregat-Anoia, d\u2019un 85%. En tot moment, la concentraci\u00f3 de persones a tots els trens i totes les andanes ha estat per sota del 33%, garantint d\u2019aquesta manera la dist\u00e0ncia de seguretat recomanada.<\/p>\n<p>&nbsp;<\/p>\n<p>&nbsp;<\/p>\n<p>&nbsp;<\/p>\n<p><img loading=\"lazy\" decoding=\"async\" class=\"alignleft size-full wp-image-29731\" src=\"http:\/\/www.agrupament.cat\/portal\/wp-content\/uploads\/2020\/03\/FGC-Demanda-Linea-Pobla-de-Segur.png\" alt=\"\" width=\"400\" height=\"300\" srcset=\"https:\/\/www.agrupament.cat\/portal\/wp-content\/uploads\/2020\/03\/FGC-Demanda-Linea-Pobla-de-Segur.png 400w, https:\/\/www.agrupament.cat\/portal\/wp-content\/uploads\/2020\/03\/FGC-Demanda-Linea-Pobla-de-Segur-300x225.png 300w\" sizes=\"auto, (max-width: 400px) 100vw, 400px\" \/><\/p>\n<p>&nbsp;<\/p>\n<p>&nbsp;<\/p>\n<p>&nbsp;<\/p>\n<p>&nbsp;<\/p>\n<p>A la l\u00ednia Lleida-La Pobla de Segur, el comportament ha estat similar i la reducci\u00f3 s\u2019ha situat a l\u2019entorn del 82%.<\/p>\n<p>&nbsp;<\/p>\n<p>&nbsp;<\/p>\n<p>&nbsp;<\/p>\n<p><strong>Adequaci\u00f3 del servei de trens a totes les l\u00ednies<\/strong><br \/>\nEl servei que presta FGC s\u2019ha anat ajustant d\u2019acord amb la demanada i a les indicacions rebudes per part del Govern i de l\u2019Autoritat del Transport Metropolit\u00e0 (ATM) de Barcelona. Aix\u00ed, fins al 16 de mar\u00e7 es va mantenir l\u2019oferta del 100% del servei de trens per\u00f2 a partir del dia 17 ja es va reduir a un 60% a les hores punta i a un 40% a la resta de la jornada, a les l\u00ednies metropolitanes, i es va suprimir l\u2019L12 (Reina Elisenda). Aquesta oferta es mantindr\u00e0 de dilluns a divendres mentre no es produeixi una nova situaci\u00f3 o les autoritats indiquin altres mesures. Els caps de setmana, atenent als mateixos criteris, la circulaci\u00f3 de trens tamb\u00e9 es redueix i l\u2019oferta \u00e9s d\u2019un ter\u00e7 del servei habitual. Pel que fa a la l\u00ednia Lleida-La Pobla de Segur, tamb\u00e9 s\u2019ha ajustat el servei i des d\u2019avui ofereix una del 50% del servei habitual. (Tots els horaris es poden consultar al web www.fgc.cat).<\/p>\n<p>En el mateix sentit, des del 13 de mar\u00e7 s\u2019han anat tancant les estacions d\u2019esqu\u00ed i els serveis comercials del Cremallera de Montserrat i del Cremallera de N\u00faria, aix\u00ed com tamb\u00e9 els centres d\u2019atenci\u00f3 al client, refor\u00e7ant l\u2019atenci\u00f3 telef\u00f2nica. I des del decret de confinament de la ciutat d\u2019Igualada i voltants, el servei de trens de la l\u00ednia R6 es troba interromput entre les estacions de La Pobla de Claramunt i Igualada.<\/p>\n<p><strong>Refor\u00e7 de les mesures higi\u00e8niques<\/strong><br \/>\nAmb l\u2019objectiu de minimitzar el risc d\u2019infecci\u00f3 per aquest tipus de coronavirus, garantir la seguretat i la salut del personal i assegurar la prestaci\u00f3 del servei i evitar el contagi entre els clients, FGC ha pres un seguit de mesures d\u2019higiene i neteja.<\/p>\n<p><strong>Per als clients:<\/strong><br \/>\nPer a evitar al m\u00e0xim la manipulaci\u00f3 de les botoneres dels trens per part dels clients, els i les maquinistes obren i tanquen portes a les estacions.<br \/>\nLes m\u00e0quines de venda de bitllets, botoneres d\u2019ascensors de les estacions principals es netegen cada hora.<br \/>\nLes portes d\u2019estacions a carrer es mantenen obertes per a minimitzar la manipulaci\u00f3 per part dels clients.<br \/>\nNetejar sovint barres, agafadors recolzabra\u00e7os, botoneres, tauletes, mampares, endolls i marcs de finestres de l\u2019interior de trens a totes les l\u00ednies amb producte desinfectant.<\/p>\n<p><strong>Per al personal:<\/strong><br \/>\nReorganitzar els torns de treball en diversos equips per evitar contacte entre ells.<br \/>\nAjornar les formacions pr\u00e0ctiques.<br \/>\nEls pupitres i botoneres de les cabines dels trens es netegen amb freq\u00fc\u00e8ncia amb un desinfectant actiu espec\u00edfic.<br \/>\nPosar dispensadors de gel hidroalcoh\u00f2lic per a la higiene de les mans de les persones treballadores en localitzacions estrat\u00e8giques dels diferents edificis i instal\u00b7lacions i a les farmacioles de les estacions que no disposen d\u2019aigua i sab\u00f3 de f\u00e0cil acc\u00e9s per al personal.<\/p>\n<p><strong>Mesures gen\u00e8riques<\/strong><br \/>\nTotes aquestes mesures es revisen i reforcen, en funci\u00f3 de l\u2019evoluci\u00f3 de la situaci\u00f3, a trav\u00e9s del Comit\u00e8 de Seguiment del Coronavirus, constitu\u00eft a comen\u00e7aments de mar\u00e7. A partir d\u2019aquest comit\u00e8, es va posar en marxa un Pla de conting\u00e8ncia espec\u00edfic amb diverses fases per anar actuant segons l\u2019evoluci\u00f3 de les diferents fases de l\u2019emerg\u00e8ncia sanit\u00e0ria.<\/p>\n<p>Aquest pla de conting\u00e8ncia contempla, a m\u00e9s de les mesures ja esmentades, un seguit d\u2019indicacions gen\u00e8riques adre\u00e7ades als treballadors i treballadores per evitar el contagi, com ara rentar-se les mans sovint; evitar el contacte proper (de menys de dos metres) amb persones amb afeccions respirat\u00f2ries i no compartir-hi pertinences personals; tapar-se la boca i el nas amb mocadors d\u2019un sol \u00fas o amb la cara interna del colze en el moment de tossir o esternudar i rentar-se les mans de seguida, i evitar compartir menjar i estris sense netejar-los degudament, entre d\u2019altres.<\/p>\n<p>Totes aquestes indicacions s\u2019han dif\u00f3s a trav\u00e9s dels canals de comunicaci\u00f3 interna (pantalles informatives, portal del personal i app corporativa) i s\u2019ha creat una b\u00fastia espec\u00edfica de correu electr\u00f2nic per donar suport a les diferents \u00e0rees de l\u2019empresa en la gesti\u00f3 del personal, tant pel que fa a dubtes o consultes com a altres q\u00fcestions que es puguin originar durant l\u2019evoluci\u00f3 d\u2019aquesta situaci\u00f3 d\u2019excepcionalitat.<\/p>\n<p><strong>Mesures laborals<\/strong><br \/>\nPel que fa a les mesures laborals, les recomanacions s\u2019han centrat en evitar l\u2019assist\u00e8ncia a jornades, seminaris o actes similars; tenir presents mesures com per exemple netejar el teclat de l\u2019ordinador, el ratol\u00ed, el mostrador de taquilles, els mostradors de recepci\u00f3, els punts autom\u00e0tics de recollida o aquells elements que es toquen amb m\u00e9s assidu\u00eftat aix\u00ed com treballar des de casa quan l\u2019activitat ho permeti i facilitar canvis de torns i permisos, buscant l\u2019equilibri entre els equips i la prestaci\u00f3 del servei.<\/p>\n<p>Quant a la situaci\u00f3 sanit\u00e0ria del personal, 2 persones han donat positiu per coronavirus, 48 estan confinats, 42 es troben a casa per ser considerar-se grup de risc (persones que pateixin malalties cr\u00f2niques o diverses malalties o b\u00e9 tingui un estat immunodeprimit) i 358 estan treballant des de casa. El servei m\u00e8dic d\u2019FGC fa un seguiment continu de l\u2019estat dels treballadors i treballadores.<\/p>\n<p>Totes les mesures preses tenen com a objectiu mantenir la prestaci\u00f3 dels serveis de transport col\u00b7lectiu garantint, alhora, el compliment de les recomanacions de les autoritats sanit\u00e0ries, tant per als usuaris com per al personal.<\/p>\n","protected":false},"excerpt":{"rendered":"<p>21\/03\/202 \u00b7 La demanda a les l\u00ednies Barcelona-Vall\u00e8s i Llobregat-Anoia s\u2019ha redu\u00eft un 90% i a la l\u00ednia Lleida-La Pobla<\/p>\n","protected":false},"author":4,"featured_media":29728,"comment_status":"closed","ping_status":"open","sticky":false,"template":"","format":"standard","meta":{"footnotes":""},"categories":[818],"tags":[17,93,47,73],"class_list":["post-29723","post","type-post","status-publish","format-standard","has-post-thumbnail","hentry","category-notes-de-premsa","tag-afectacions-e-incidencies","tag-ffe-fundacion-ferrocarriles-espanoles","tag-fgc-ferrocarrils-de-la-generalitat-de-catalunya","tag-generalitat-de-catalunya-territori-i-sostenibilitat","comments-off"],"_links":{"self":[{"href":"https:\/\/www.agrupament.cat\/portal\/wp-json\/wp\/v2\/posts\/29723","targetHints":{"allow":["GET"]}}],"collection":[{"href":"https:\/\/www.agrupament.cat\/portal\/wp-json\/wp\/v2\/posts"}],"about":[{"href":"https:\/\/www.agrupament.cat\/portal\/wp-json\/wp\/v2\/types\/post"}],"author":[{"embeddable":true,"href":"https:\/\/www.agrupament.cat\/portal\/wp-json\/wp\/v2\/users\/4"}],"replies":[{"embeddable":true,"href":"https:\/\/www.agrupament.cat\/portal\/wp-json\/wp\/v2\/comments?post=29723"}],"version-history":[{"count":1,"href":"https:\/\/www.agrupament.cat\/portal\/wp-json\/wp\/v2\/posts\/29723\/revisions"}],"predecessor-version":[{"id":29732,"href":"https:\/\/www.agrupament.cat\/portal\/wp-json\/wp\/v2\/posts\/29723\/revisions\/29732"}],"wp:featuredmedia":[{"embeddable":true,"href":"https:\/\/www.agrupament.cat\/portal\/wp-json\/wp\/v2\/media\/29728"}],"wp:attachment":[{"href":"https:\/\/www.agrupament.cat\/portal\/wp-json\/wp\/v2\/media?parent=29723"}],"wp:term":[{"taxonomy":"category","embeddable":true,"href":"https:\/\/www.agrupament.cat\/portal\/wp-json\/wp\/v2\/categories?post=29723"},{"taxonomy":"post_tag","embeddable":true,"href":"https:\/\/www.agrupament.cat\/portal\/wp-json\/wp\/v2\/tags?post=29723"}],"curies":[{"name":"wp","href":"https:\/\/api.w.org\/{rel}","templated":true}]}}