{"id":295,"date":"2007-09-19T22:00:04","date_gmt":"2007-09-19T21:00:04","guid":{"rendered":"http:\/\/www.agrupament.cat\/portal\/?p=295"},"modified":"2009-04-10T10:46:44","modified_gmt":"2009-04-10T09:46:44","slug":"tmb-amb-les-festes-de-la-merce-2007","status":"publish","type":"post","link":"https:\/\/www.agrupament.cat\/portal\/2007\/09\/tmb-amb-les-festes-de-la-merce-2007\/","title":{"rendered":"TMB amb les festes de la Merc\u00e8 2007"},"content":{"rendered":"<p>? TMB participa a l\u2019exposici\u00f3 \u201cLa Ciutat de les Persones\u201d que es podr\u00e0 veure al passeig de Gr\u00e0cia del 22 al 24 de setembre<br \/>\n? El dissabte, dia 22, es celebra la Gimcana TMB de la Merc\u00e8, que enguany arriba a la dinovena edici\u00f3<\/p>\n<p>Amb motiu de les Festes de la Merc\u00e8\u20192007, Transports Metropolitans de Barcelona (TMB) participa activament en diferents esdeveniments que tenen lloc a la ciutat, entre els quals cal destacar la pres\u00e8ncia a l\u2019exposici\u00f3 La Ciutat de les Persones i el patrocini de la Gimcana de la Merc\u00e8.<\/p>\n<p><!--more-->La Ciutat de les Persones<br \/>\nDurant aquestes festes TMB participa a l\u2019exposici\u00f3 La Ciutat de les Persones, que es podr\u00e0 visitar al passeig de Gr\u00e0cia, entre Arag\u00f3 i la ronda de Sant Pere, del 22 al 24 de setembre, tots dos inclosos. L\u2019espai de TMB a la mostra (ubicat a l\u2019al\u00e7ada de Consell de Cent) informar\u00e0 sobre com s\u2019est\u00e0 treballant per oferir una xarxa de transport p\u00fablic que afavoreixi el desenvolupament de Barcelona i la seva \u00e0rea metropolitana, contribuint a la millora de la mobilitat a la ciutat. Els m\u00e9s joves tamb\u00e9 podran participar en diversos jocs que es duran a terme a l\u2019escenari de TMB.<br \/>\nL\u2019objectiu de l\u2019exposici\u00f3 \u00e9s aprofitar el car\u00e0cter l\u00fadic de la Festa per mostrar als ciutadans com funcionen els serveis municipals m\u00e9s quotidians. Enguany TMB s\u2019afegeix a aquesta fita amb el prop\u00f2sit de conscienciar els seus visitants de com TMB es va adaptant al pols de la ciutat, especialment pel que fa a la mobilitat nocturna, i els beneficis que aporta al conjunt de la ciutat.<\/p>\n<p>El fil conductor de La Ciutat de les Persones \u00e9s precisament el benestar dels ciutadans i ciutadanes. A aquest efecte, TMB treballa constantment per millorar la qualitat de vida al transport, modernitzant el metro i els autobusos, incrementant l\u2019oferta i participant, en definitiva, de l\u2019evoluci\u00f3 de la ciutat.<\/p>\n<p><strong>Reproducci\u00f3 de l\u2019estaci\u00f3 Metronit, l\u2019espai de TMB a l\u2019exposici\u00f3<\/strong><\/p>\n<p>L\u2019espai de TMB en aquesta exposici\u00f3 vol reproduir l\u2019andana d\u2019una estaci\u00f3 de Metro per\u00f2 centrant-se especialment en els continguts espec\u00edfics del servei ininterromput de metro a les nits de dissabte i la seva implantaci\u00f3. Per tal de transmetre els continguts de manera atractiva, din\u00e0mica i participativa, els visitants poden participar en un joc de pistes que fomenta el recorregut global de la instal\u00b7laci\u00f3, aix\u00ed com la implicaci\u00f3 personal i el vincle emocional, i descobrir el que TMB fa per aconseguir accessibilitat, neteja, seguretat, etc., en tots els seus serveis.<\/p>\n<p><strong>Gimcana TMB de la Merc\u00e8 <\/strong><br \/>\nCom cada any, Transports Metropolitans de Barcelona patrocina la Gimcana TMB de la Merc\u00e8, que tindr\u00e0 lloc el dia 22 de setembre a partir de les 16 hores i que arriba a la seva 19a edici\u00f3, amb la col\u00b7laboraci\u00f3 de FGC, BTV, Mundo Deportivo, ADN i La Selva.<\/p>\n<p>Els participants de la Gimcana disposen d\u2019un t\u00edtol especial per moure\u2019s en transport p\u00fablic durant la competici\u00f3 (v\u00e0lid per Metro, Bus, Funicular de Montju\u00efc i l\u00ednies urbanes de FGC). Tots ells hauran de superar diferents proves i presentar-se en els quatre controls habilitats en diversos punts de la ciutat (a pla\u00e7a Catalunya, al carrer Pere Josep Maria Serra Mart\u00ed a Nou Barris, als Jardins de Can Bruixa de Les Corts i als jardins de les tres xemene\u00efes al Paral\u00b7lel). En aquesta ocasi\u00f3, una de les proves es realitzar\u00e0 des de la plana web de la gimcana: <a href=\"http:\/\/www.gimcanatmbdelamerce.com\">www.gimcanatmbdelamerce.com. <\/a><br \/>\nLa Gimcana donar\u00e0 premis als guanyadors (equips classificats amb m\u00e9s puntuaci\u00f3) consistents en viatges, televisors, reproductors de dvd i mp3, rellotges, aix\u00ed com als millors equips participants (es sortejaran entre els equips que hagin acabat la Gimcana i hagin fet un m\u00ednim de tres controls), i tamb\u00e9 hi haur\u00e0 premis per a la millor disfressa virtual (s\u2019escolliran mitjan\u00e7ant la col\u00b7locaci\u00f3 de la composici\u00f3 feta per internet i la posterior votaci\u00f3 d\u2019un jurat especialitzat).<br \/>\nLes inscripcions es poden fer fins al dia 21 de setembre, descarregant el formulari a trav\u00e9s de la web de TMB (www.tmb.net) o de la Gimcana i lliurant-lo als punts habilitats a tal efecte al Centre d\u2019Atenci\u00f3 al Client TMB de Sagrada Fam\u00edlia L2 &#8211; L5 (de dilluns a divendres, de 8 a 14 hores) o a l\u2019Institut de Cultura de Barcelona (Palau de la Virreina, La Rambla, 99, fins el divendres de 10 a 20 hores).<\/p>\n<p>Per a m\u00e9s informaci\u00f3: <a href=\"http:\/\/www.gimcanatmbdelamerce.com\">www.gimcanatmbdelamerce.com<\/a><br \/>\nBarcelona, 19 de setembre de 2007<\/p>\n","protected":false},"excerpt":{"rendered":"<p>? TMB participa a l\u2019exposici\u00f3 \u201cLa Ciutat de les Persones\u201d que es podr\u00e0 veure al passeig de Gr\u00e0cia del 22<\/p>\n","protected":false},"author":4,"featured_media":0,"comment_status":"closed","ping_status":"open","sticky":false,"template":"","format":"standard","meta":{"footnotes":""},"categories":[],"tags":[25],"class_list":["post-295","post","type-post","status-publish","format-standard","hentry","tag-actes-congrtesosi-exposicions-fires-i-formacio","comments-off"],"_links":{"self":[{"href":"https:\/\/www.agrupament.cat\/portal\/wp-json\/wp\/v2\/posts\/295","targetHints":{"allow":["GET"]}}],"collection":[{"href":"https:\/\/www.agrupament.cat\/portal\/wp-json\/wp\/v2\/posts"}],"about":[{"href":"https:\/\/www.agrupament.cat\/portal\/wp-json\/wp\/v2\/types\/post"}],"author":[{"embeddable":true,"href":"https:\/\/www.agrupament.cat\/portal\/wp-json\/wp\/v2\/users\/4"}],"replies":[{"embeddable":true,"href":"https:\/\/www.agrupament.cat\/portal\/wp-json\/wp\/v2\/comments?post=295"}],"version-history":[{"count":1,"href":"https:\/\/www.agrupament.cat\/portal\/wp-json\/wp\/v2\/posts\/295\/revisions"}],"predecessor-version":[{"id":3110,"href":"https:\/\/www.agrupament.cat\/portal\/wp-json\/wp\/v2\/posts\/295\/revisions\/3110"}],"wp:attachment":[{"href":"https:\/\/www.agrupament.cat\/portal\/wp-json\/wp\/v2\/media?parent=295"}],"wp:term":[{"taxonomy":"category","embeddable":true,"href":"https:\/\/www.agrupament.cat\/portal\/wp-json\/wp\/v2\/categories?post=295"},{"taxonomy":"post_tag","embeddable":true,"href":"https:\/\/www.agrupament.cat\/portal\/wp-json\/wp\/v2\/tags?post=295"}],"curies":[{"name":"wp","href":"https:\/\/api.w.org\/{rel}","templated":true}]}}