{"id":29475,"date":"2020-03-07T10:40:26","date_gmt":"2020-03-07T09:40:26","guid":{"rendered":"http:\/\/www.agrupament.cat\/portal\/?p=29475"},"modified":"2020-03-07T10:44:19","modified_gmt":"2020-03-07T09:44:19","slug":"con-motivo-de-la-celebracion-del-dia-internacional-de-la-mujer-abalos-reivindica-la-aportacion-de-las-mujeres-ferroviarias-y-la-visibilidad-de-su-presencia","status":"publish","type":"post","link":"https:\/\/www.agrupament.cat\/portal\/2020\/03\/con-motivo-de-la-celebracion-del-dia-internacional-de-la-mujer-abalos-reivindica-la-aportacion-de-las-mujeres-ferroviarias-y-la-visibilidad-de-su-presencia\/","title":{"rendered":"Con motivo de la celebraci\u00f3n del D\u00eda Internacional de la Mujer \u00c1balos reivindica la aportaci\u00f3n de las mujeres ferroviarias y la visibilidad de su presencia"},"content":{"rendered":"<p><strong>\u00b7 En la inauguraci\u00f3n de una escultura en homenaje a las mujeres ferroviarias en la estaci\u00f3n de Valencia Joaqu\u00edn Sorolla, titulada \u201cCamino\u201d, obra del artista y trabajador de Adif, Efraim Ortega.<\/strong><br \/>\n<strong>\u00b7 El ministro ha reclamado la reparaci\u00f3n de las injusticias hist\u00f3ricas cometidas contra ellas por \u201cun mundo laboral profundamente masculinizado, contaminado de estereotipos y paternalismos machistas\u201d.<\/strong><br \/>\n<strong>\u00b7 \u00c1balos ha detallado algunas de las acciones en materia de igualdad puestas en marcha desde las empresas del Grupo Mitma, y ha subrayado que \u201ccomo gestores de lo p\u00fablico, es nuestra responsabilidad impulsar medidas que logren mayor equidad dentro de la sociedad\u201d.<\/strong><\/p>\n<p>Madrid, 6 de marzo de 2020 (Mitma).<br \/>\nEl ministro de Transportes, Movilidad y Agenda Urbana, Jos\u00e9 Luis \u00c1balos, ha reivindicado la aportaci\u00f3n de las mujeres en todos los \u00e1mbitos de la vida y, en particular, en el mundo ferroviario y ha reclamado la reparaci\u00f3n de las injusticias hist\u00f3ricas cometidas contra ellas.<\/p>\n<p>Lo ha hecho con motivo de la celebraci\u00f3n del D\u00eda Internacional de la Mujer, junto a la presidenta de Adif, Isabel Pardo de Vera, en la inauguraci\u00f3n de una escultura en homenaje a las mujeres ferroviarias en la estaci\u00f3n de Valencia Joaqu\u00edn Sorolla, donde tambi\u00e9n ha se\u00f1alado que \u201cel monumento que hoy inauguramos hace justicia a todas esas mujeres, al dar visibilidad a su presencia y su aportaci\u00f3n en el mundo del ferrocarril\u201d.<\/p>\n<p>\u00c1balos ha destacado el triunfo sin matices que supone el hecho de que el arte se convierta en una expresi\u00f3n reparadora de las injusticias, ya que \u201cinvita a desterrar la retr\u00f3grada idea de que hay profesiones genuinamente masculinas o femeninas\u201d, y a\u00f1ade que \u201clo que s\u00ed hay es un mundo laboral profundamente masculinizado, contaminado de estereotipos y paternalismos machistas, trufado de injusticias que reparar\u201d.<\/p>\n<p>El ministro ha recordado a Pilar Careaga, que en 1929 se convirti\u00f3 en la primera mujer en conducir una locomotora; tambi\u00e9n a las primeras 42 mujeres que ingresaron como ayudantes de maquinistas en 1978; y a las primeras 3 mujeres que en 1980 accedieron al puesto de maquinistas.<\/p>\n<p>Adem\u00e1s, ha subrayado que \u201chasta entonces, su papel se limitaba a limpiadoras, informadoras o guardesas, bajo el manto del paternalismo de la \u00e9poca, que ofrec\u00eda esos puestos a las viudas de los ferroviarios\u201d.<\/p>\n<p><strong>Agenda para la Igualdad<\/strong><br \/>\n\u00c1balos ha ofrecido datos concretos \u201cporque la realidad es tozuda. La brecha salarial es de un 22,35%, las mujeres concentran una tasa de paro 2 puntos mayor que los hombres, casi el 75% de los contratos a tiempo parcial son para ellas y la brecha en las pensiones es del 75%\u201d.<\/p>\n<p>As\u00ed las cosas, el responsable del Departamento ha asegurado que \u201cqueda much\u00edsimo por hacer. Como gestores de lo p\u00fablico, es nuestra responsabilidad trabajar e impulsar las medidas que logren una mayor equidad dentro de la Sociedad y lograr que la presencia de la mujer en puestos de responsabilidad en el mundo empresarial sea una realidad\u201d.<\/p>\n<p>Por ello, desde el Ministerio se ha puesto en marcha la Agenda por la Igualdad para combatir estas desigualdades con acciones concretas, que contengan una perspectiva feminista a los planes de inversiones que se desarrollen en transporte, infraestructuras y vivienda, que tengan en cuenta los h\u00e1bitos, horarios de las usuarias, comodidad y seguridad, as\u00ed como contribuir a la corresponsabilidad en el \u00e1mbito de la pareja.<\/p>\n<p>Renfe est\u00e1 desarrollando la Mesa de Trabajo de Igualdad, con medidas en materia de contrataci\u00f3n para alcanzar la paridad, la conciliaci\u00f3n, la flexibilidad laboral y la prevenci\u00f3n de enfermedades de las mujeres.<\/p>\n<p>Tambi\u00e9n trabaja en el Programa Valor Mujer, con acciones divulgativas para acercar la profesi\u00f3n de maquinistas ferroviarias y, adem\u00e1s, de cara a este 2020 se est\u00e1 desarrollando un programa de becas para la realizaci\u00f3n de cursos de conducci\u00f3n que posibilite la incorporaci\u00f3n de las mujeres.<\/p>\n<p>Por su parte, Adif puso en marcha desde finales de 2018 ambiciosas medidas en este sentido, entre las que destacan la flexibilidad horaria y la reducci\u00f3n de jornada. Asimismo, ha aprobado sendos Planes de Igualdad para lograr empoderar a las mujeres con medidas que favorezcan la incorporaci\u00f3n del talento femenino y la igualdad de oportunidades de liderazgo. Unos Planes de Igualdad que tambi\u00e9n ha desarrollado Ineco.<\/p>\n<p><strong>Caracter\u00edsticas de la escultura<\/strong><br \/>\nEl conjunto escult\u00f3rico que hoy se ha inaugurado, titulado \u2018Camino\u2019 en homenaje a la compa\u00f1era en la que se ha inspirado el autor, es un reconocimiento a las mujeres que emergen en un mundo tradicionalmente masculino. Se ubica en el interior del vest\u00edbulo de la estaci\u00f3n de Valencia Joaqu\u00edn Sorolla y representa una mujer vestida con uniforme de trabajo, sentada sobre una v\u00eda en vertical.<\/p>\n<p>La obra tiene 1,6 metros de ancho por 2,3 de altura y un peso aproximado de 200 kg. Despu\u00e9s de realizar un estudio de materiales, el autor decidi\u00f3 llevar a cabo la escultura mediante un original procedimiento creativo basado en imprimir -con una impresora 3D- piezas separadas de aproximadamente 50 cent\u00edmetros en acrilonitrilo butadieno estireno (ABS), un pl\u00e1stico que se caracteriza por su elevada resistencia. Para el interior, opt\u00f3 por una estructura de tetracero, mallado y relleno de poliuretano.<\/p>\n<p><strong>Acerca del autor<\/strong><br \/>\nEfraim Ortega (C\u00f3rdoba, 1985), un empleado de Adif que trabaja como montador de instalaciones de seguridad el\u00e9ctricas en Le\u00f3n, explica que se inspir\u00f3 en una compa\u00f1era de trabajo para iniciar el proceso de creaci\u00f3n de su obra.<\/p>\n<p>\u201cEn especialidades como la m\u00eda todav\u00eda hay muy pocas mujeres\u201d, comenta. \u201cConcretamente, en mi dependencia s\u00f3lo hay una. Adem\u00e1s, es presidenta del Comit\u00e9 de Empresa y est\u00e1 involucrada en temas de igualdad\u201d, detalla.<\/p>\n<p>Artista de formaci\u00f3n autodidacta, participa con frecuencia en ferias y concursos. Entre sus \u00faltimos premios, destaca el nombramiento como Mejor Artista de la Feria Internacional de Marte 2018 de Castell\u00f3n.<\/p>\n<p>Adem\u00e1s, expone sus obras en la galer\u00eda La Casa Amarilla, en M\u00e1laga, y en la galer\u00eda Antoni Pinyol, en Reus.<\/p>\n","protected":false},"excerpt":{"rendered":"<p>\u00b7 En la inauguraci\u00f3n de una escultura en homenaje a las mujeres ferroviarias en la estaci\u00f3n de Valencia Joaqu\u00edn Sorolla,<\/p>\n","protected":false},"author":4,"featured_media":29476,"comment_status":"closed","ping_status":"open","sticky":false,"template":"","format":"standard","meta":{"footnotes":""},"categories":[],"tags":[25,71,43,69,137],"class_list":["post-29475","post","type-post","status-publish","format-standard","has-post-thumbnail","hentry","tag-actes-congrtesosi-exposicions-fires-i-formacio","tag-adif","tag-estacions","tag-mitva-ministerio-de-fomento","tag-valencia","comments-off"],"_links":{"self":[{"href":"https:\/\/www.agrupament.cat\/portal\/wp-json\/wp\/v2\/posts\/29475","targetHints":{"allow":["GET"]}}],"collection":[{"href":"https:\/\/www.agrupament.cat\/portal\/wp-json\/wp\/v2\/posts"}],"about":[{"href":"https:\/\/www.agrupament.cat\/portal\/wp-json\/wp\/v2\/types\/post"}],"author":[{"embeddable":true,"href":"https:\/\/www.agrupament.cat\/portal\/wp-json\/wp\/v2\/users\/4"}],"replies":[{"embeddable":true,"href":"https:\/\/www.agrupament.cat\/portal\/wp-json\/wp\/v2\/comments?post=29475"}],"version-history":[{"count":1,"href":"https:\/\/www.agrupament.cat\/portal\/wp-json\/wp\/v2\/posts\/29475\/revisions"}],"predecessor-version":[{"id":29477,"href":"https:\/\/www.agrupament.cat\/portal\/wp-json\/wp\/v2\/posts\/29475\/revisions\/29477"}],"wp:featuredmedia":[{"embeddable":true,"href":"https:\/\/www.agrupament.cat\/portal\/wp-json\/wp\/v2\/media\/29476"}],"wp:attachment":[{"href":"https:\/\/www.agrupament.cat\/portal\/wp-json\/wp\/v2\/media?parent=29475"}],"wp:term":[{"taxonomy":"category","embeddable":true,"href":"https:\/\/www.agrupament.cat\/portal\/wp-json\/wp\/v2\/categories?post=29475"},{"taxonomy":"post_tag","embeddable":true,"href":"https:\/\/www.agrupament.cat\/portal\/wp-json\/wp\/v2\/tags?post=29475"}],"curies":[{"name":"wp","href":"https:\/\/api.w.org\/{rel}","templated":true}]}}