{"id":294,"date":"2007-09-18T21:56:38","date_gmt":"2007-09-18T20:56:38","guid":{"rendered":"http:\/\/www.agrupament.cat\/portal\/?p=294"},"modified":"2009-04-10T10:47:28","modified_gmt":"2009-04-10T09:47:28","slug":"tmb-exposa-les-imatges-del-concurs-de-fotografia-joves-i-metro","status":"publish","type":"post","link":"https:\/\/www.agrupament.cat\/portal\/2007\/09\/tmb-exposa-les-imatges-del-concurs-de-fotografia-joves-i-metro\/","title":{"rendered":"TMB exposa les imatges del concurs de fotografia \u201cJoves i metro\u201d"},"content":{"rendered":"<p>? Durant la Setmana de la Mobilitat TMB presentar\u00e0 les obres finalistes a l\u2019estaci\u00f3 d\u2019Universitat, on es donaran els premis als guanyadors<\/p>\n<p>? Les 74 fotografies seleccionades mostraran la mirada m\u00e9s jove del metro de Barcelona com a mitj\u00e0 de transport urb\u00e0<\/p>\n<p><!--more-->Transports Metropolitans de Barcelona (TMB), amb la seva habitual voluntat de participaci\u00f3 en les activitats ciutadanes i dins del programa cultural Metronit, va iniciar el passat 7 de maig un concurs de fotografia sota el lema \u201cJoves i&#8230; Metro\u201d al qual es podien presentar totes les persones d\u2019edats compreses entre els 15 i els 29 anys residents en els municipis de Barcelona i de la seva \u00e0rea metropolitana on d\u00f3na servei el suburb\u00e0.<\/p>\n<p>El concurs, organitzat en col\u00b7laboraci\u00f3 amb el Consell de la Joventut de Barcelona i la Regidoria de Dones i Joventut de l\u2019Ajuntament de Barcelona, arriba ara al seu punt m\u00e9s \u00e0lgid amb una divertida exposici\u00f3 de les obres elegides entre m\u00e9s d\u2019un centenar, que tindr\u00e0 lloc des del proper divendres 21 i fins al diumenge 30 de setembre al vest\u00edbul de l\u2019estaci\u00f3 d\u2019Universitat de la l\u00ednia 2 de metro, coincidint amb la Setmana de la Mobilitat.<\/p>\n<p>El disseny de l\u2019exposici\u00f3 far\u00e0 refer\u00e8ncia a un popular joc entre els joves, el Rubik, aprofitant les seves formes i colors per poder representar la joventut i la mobilitat, dos punts en com\u00fa representats en les 74 obres seleccionades.<\/p>\n<p>Les fotografies representades mostraran una visi\u00f3 jove d\u2019aquest mitj\u00e0 de transport p\u00fablic i dels serveis que ofereix, de la seva mec\u00e0nica i funcionament, de les seves possibilitats com a espai de trobada, relaci\u00f3 i socialitzaci\u00f3, de la seva infraestructura arquitect\u00f2nica, de l\u2019\u00fas que es fa de les noves tecnologies, com a expressi\u00f3 de mobilitat de les persones i de la diversitat cultural que s\u2019hi pot trobar. L\u2019original disseny de l\u2019exposici\u00f3 basat en el joc de Rubik<\/p>\n<p><strong>Entrega de premis <\/strong><br \/>\nEl proper dijous, 27 de setembre, a les 19 hores en el mateix vest\u00edbul de l\u2019estaci\u00f3 d\u2019Universitat, un jurat, format per representants de TMB, del Consell de la Joventut de Barcelona, de la Regidoria de Dones i Joventut de l\u2019Ajuntament de Barcelona i per especialistes i professionals del m\u00f3n de la fotografia de l\u2019associaci\u00f3 Ruido, far\u00e0 p\u00fablic el seu veredicte i es procedir\u00e0 al lliurament dels premis, a c\u00e0rrec del popular periodista Toni Punt\u00ed.<\/p>\n<p>El jurat premiar\u00e0 dues categories, a la millor fotografia individual (una imatge \u00fanica) i a la millor s\u00e8rie fotogr\u00e0fica (obra formada per tres imatges que tinguin una clara relaci\u00f3 o un fil argumental entre elles). En total, s\u2019han presentat 23 obres dins de la categoria d\u2019individual i 51 m\u00e9s per a la de s\u00e8rie. L\u2019organitzaci\u00f3 concedir\u00e0 dos premis per a cadascuna d\u2019aquestes categories:<br \/>\n<strong>Primer premi<\/strong>: c\u00e0mera reflex digital de gamma mitjana, una targeta multiviatge v\u00e0lida per a un trimestre (1 zona) i dos bitllets de dos dies per al Barcelona Bus Tur\u00edstic.<br \/>\n<strong>Segon premi<\/strong>: un val de 200 euros per poder fer despesa en un comer\u00e7 especialitzat en fotografia, una targeta multiviatge v\u00e0lida per a un trimestre (1 zona) i dos bitllets de dos dies per al Barcelona Bus Tur\u00edstic.<\/p>\n<p>Barcelona, 18 de setembre de<\/p>\n","protected":false},"excerpt":{"rendered":"<p>? Durant la Setmana de la Mobilitat TMB presentar\u00e0 les obres finalistes a l\u2019estaci\u00f3 d\u2019Universitat, on es donaran els premis<\/p>\n","protected":false},"author":4,"featured_media":0,"comment_status":"closed","ping_status":"open","sticky":false,"template":"","format":"standard","meta":{"footnotes":""},"categories":[],"tags":[25],"class_list":["post-294","post","type-post","status-publish","format-standard","hentry","tag-actes-congrtesosi-exposicions-fires-i-formacio","comments-off"],"_links":{"self":[{"href":"https:\/\/www.agrupament.cat\/portal\/wp-json\/wp\/v2\/posts\/294","targetHints":{"allow":["GET"]}}],"collection":[{"href":"https:\/\/www.agrupament.cat\/portal\/wp-json\/wp\/v2\/posts"}],"about":[{"href":"https:\/\/www.agrupament.cat\/portal\/wp-json\/wp\/v2\/types\/post"}],"author":[{"embeddable":true,"href":"https:\/\/www.agrupament.cat\/portal\/wp-json\/wp\/v2\/users\/4"}],"replies":[{"embeddable":true,"href":"https:\/\/www.agrupament.cat\/portal\/wp-json\/wp\/v2\/comments?post=294"}],"version-history":[{"count":1,"href":"https:\/\/www.agrupament.cat\/portal\/wp-json\/wp\/v2\/posts\/294\/revisions"}],"predecessor-version":[{"id":3111,"href":"https:\/\/www.agrupament.cat\/portal\/wp-json\/wp\/v2\/posts\/294\/revisions\/3111"}],"wp:attachment":[{"href":"https:\/\/www.agrupament.cat\/portal\/wp-json\/wp\/v2\/media?parent=294"}],"wp:term":[{"taxonomy":"category","embeddable":true,"href":"https:\/\/www.agrupament.cat\/portal\/wp-json\/wp\/v2\/categories?post=294"},{"taxonomy":"post_tag","embeddable":true,"href":"https:\/\/www.agrupament.cat\/portal\/wp-json\/wp\/v2\/tags?post=294"}],"curies":[{"name":"wp","href":"https:\/\/api.w.org\/{rel}","templated":true}]}}