{"id":29391,"date":"2020-02-22T17:51:42","date_gmt":"2020-02-22T16:51:42","guid":{"rendered":"http:\/\/www.agrupament.cat\/portal\/?p=29391"},"modified":"2020-02-22T17:51:42","modified_gmt":"2020-02-22T16:51:42","slug":"toma-de-posesion-de-la-nueva-delegada-del-gobierno-en-valencia","status":"publish","type":"post","link":"https:\/\/www.agrupament.cat\/portal\/2020\/02\/toma-de-posesion-de-la-nueva-delegada-del-gobierno-en-valencia\/","title":{"rendered":"Toma de posesi\u00f3n de la nueva Delegada del Gobierno en Valencia"},"content":{"rendered":"<p>\u00c1balos: \u201cHemos licitado actuaciones inversoras por valor de 1267 millones de euros\u201d<br \/>\n<strong>\u00b7 Se han superado los 330 millones de inversi\u00f3n en infraestructuras desde la llegada del nuevo Gobierno en junio de 2018.<\/strong><br \/>\n<strong>\u00b7 Con respecto a Cercan\u00edas, el ministro ha se\u00f1alado que Mitma ha puesto \u201csobre la mesa un plan de choque con el objetivo de alcanzar, antes de fin de a\u00f1o, los est\u00e1ndares de calidad y puntualidad de la media espa\u00f1ola y mejorar la atenci\u00f3n al usuario\u201d.<\/strong><br \/>\n<strong>\u00b7 \u00c1balos ha recordado que la liberaci\u00f3n del peaje de la AP-7 ha supuesto un ahorro a los usuarios de 300 millones de euros.<\/strong><\/p>\n<p>Madrid, 21 de febrero de 2020 (Mitma)<br \/>\nEl ministro de Transportes, Movilidad y Agenda Urbana, Jos\u00e9 Luis \u00c1balos, ha asegurado hoy en Valencia que en la Comunitat Valenciana se han licitado actuaciones inversoras por valor de 1.267 millones de euros. Adem\u00e1s ha afirmado que en dicha Comunidad se han superado los 330 millones de inversi\u00f3n en infraestructuras desde la llegada del nuevo Gobierno en junio de 2018.<\/p>\n<p>En la intervenci\u00f3n que ha pronunciado durante el acto de toma de posesi\u00f3n de la nueva Delegada del Gobierno en la Comunitat Valenciana, Gloria Calero, ha destacado que \u201ces una persona rigurosa, batalladora, exigente y dialogante\u201d. Tambi\u00e9n, que Calero interpreta siempre los problemas en t\u00e9rminos de soluci\u00f3n y las dificultades en t\u00e9rminos de superaci\u00f3n, desde el di\u00e1logo y la colaboraci\u00f3n. Esto, a su juicio, garantiza una mayor presencia del Gobierno en Valencia y su traducci\u00f3n en nuevas actuaciones dirigidas a satisfacer sus necesidades.<\/p>\n<p>A continuaci\u00f3n, el ministro ha destacado que se trabaja intensamente para reforzar las pol\u00edticas de movilidad en esta Comunidad Aut\u00f3noma. Estas importantes inversiones van a permitir avanzar en los ejes viarios y ferroviarios pendientes en la Comunitat Valenciana.<\/p>\n<p><strong>Plan de choque en Cercan\u00edas<\/strong><br \/>\n\u00c1balos se ha referido especialmente a Cercan\u00edas, recordando la reciente Comisi\u00f3n de Seguimiento que tuvo lugar la semana pasada, donde Mitma puso \u201csobre la mesa un plan de choque con el objetivo de alcanzar, antes de fin de a\u00f1o, los est\u00e1ndares de calidad y puntualidad de la media espa\u00f1ola y mejorar la atenci\u00f3n al usuario\u201d.<\/p>\n<p>El ministro ha afirmado que, pese a ser un problema heredado por este Gobierno, actualmente desde su Departamento se est\u00e1n adoptando todas las medidas posibles para mejorar la situaci\u00f3n de los usuarios de manera inmediata. Entre estas, ha mencionado: la pr\u00f3xima ampliaci\u00f3n del n\u00famero de maquinistas, cuya plantilla aumentar\u00e1 un 8,5%. Asimismo, \u00c1balos ha anunciado medidas para mejorar la fiabilidad del material rodante, lo que permitir\u00e1n disponer de un mayor n\u00famero de trenes para la prestaci\u00f3n del servicio.<\/p>\n<p>Tambi\u00e9n se va implantar la Devoluci\u00f3n Xpress en caso de retrasos superiores a 15 minutos. Esta medida estar\u00e1 vigente hasta que se alcancen los objetivos del plan en puntualidad y cumplimiento de frecuencias programadas, ha asegurado el ministro.<\/p>\n<p>Para concluir, \u00c1balos ha asegurado que se van a mejorar los protocolos de comunicaci\u00f3n en caso de incidencia.<\/p>\n<p><strong>Liberaci\u00f3n del peaje de la AP-7<\/strong><br \/>\nEl responsable del Departamento ha puesto como ejemplo de la pol\u00edtica de infraestructuras del Gobierno en esta comunidad aut\u00f3noma la liberaci\u00f3n, tras 40 a\u00f1os de concesiones, del peaje de la AP-7. El cumplimiento de este compromiso ha hecho posible que el n\u00famero de veh\u00edculos que circula por la AP-7 entre Alicante y Tarragona haya aumentado en un 71% y m\u00e1s del doble en el tramo entre Valencia y Alicante.<\/p>\n<p>En este sentido, ha a\u00f1adido que, con estos datos de tr\u00e1fico, se puede afirmar que la medida ha supuesto un ahorro de 300 millones de euros en la Comunitat Valenciana, ahorro que repercute positivamente en la seguridad y en las condiciones de circulaci\u00f3n de las v\u00edas alternativas de la AP-7, donde el tr\u00e1fico ha disminuido de media un 30%, especialmente en veh\u00edculos pesados.<\/p>\n","protected":false},"excerpt":{"rendered":"<p>\u00c1balos: \u201cHemos licitado actuaciones inversoras por valor de 1267 millones de euros\u201d \u00b7 Se han superado los 330 millones de<\/p>\n","protected":false},"author":4,"featured_media":0,"comment_status":"closed","ping_status":"open","sticky":false,"template":"","format":"standard","meta":{"footnotes":""},"categories":[],"tags":[25,792,19,69,44,137],"class_list":["post-29391","post","type-post","status-publish","format-standard","hentry","tag-actes-congrtesosi-exposicions-fires-i-formacio","tag-ancho-iberico","tag-infraestructures","tag-mitva-ministerio-de-fomento","tag-rodalies-cercanias","tag-valencia","comments-off"],"_links":{"self":[{"href":"https:\/\/www.agrupament.cat\/portal\/wp-json\/wp\/v2\/posts\/29391","targetHints":{"allow":["GET"]}}],"collection":[{"href":"https:\/\/www.agrupament.cat\/portal\/wp-json\/wp\/v2\/posts"}],"about":[{"href":"https:\/\/www.agrupament.cat\/portal\/wp-json\/wp\/v2\/types\/post"}],"author":[{"embeddable":true,"href":"https:\/\/www.agrupament.cat\/portal\/wp-json\/wp\/v2\/users\/4"}],"replies":[{"embeddable":true,"href":"https:\/\/www.agrupament.cat\/portal\/wp-json\/wp\/v2\/comments?post=29391"}],"version-history":[{"count":1,"href":"https:\/\/www.agrupament.cat\/portal\/wp-json\/wp\/v2\/posts\/29391\/revisions"}],"predecessor-version":[{"id":29392,"href":"https:\/\/www.agrupament.cat\/portal\/wp-json\/wp\/v2\/posts\/29391\/revisions\/29392"}],"wp:attachment":[{"href":"https:\/\/www.agrupament.cat\/portal\/wp-json\/wp\/v2\/media?parent=29391"}],"wp:term":[{"taxonomy":"category","embeddable":true,"href":"https:\/\/www.agrupament.cat\/portal\/wp-json\/wp\/v2\/categories?post=29391"},{"taxonomy":"post_tag","embeddable":true,"href":"https:\/\/www.agrupament.cat\/portal\/wp-json\/wp\/v2\/tags?post=29391"}],"curies":[{"name":"wp","href":"https:\/\/api.w.org\/{rel}","templated":true}]}}