{"id":29341,"date":"2020-02-07T08:00:07","date_gmt":"2020-02-07T07:00:07","guid":{"rendered":"http:\/\/www.agrupament.cat\/portal\/?p=29341"},"modified":"2020-02-13T12:10:54","modified_gmt":"2020-02-13T11:10:54","slug":"imagine-express-inicia-la-seva-setena-edicio-amb-dream-big-renfe-sncf-una-hackathon-en-el-museu-del-ferrocarril-de-catalunya","status":"publish","type":"post","link":"https:\/\/www.agrupament.cat\/portal\/2020\/02\/imagine-express-inicia-la-seva-setena-edicio-amb-dream-big-renfe-sncf-una-hackathon-en-el-museu-del-ferrocarril-de-catalunya\/","title":{"rendered":"Imagine Express inicia la seva setena edici\u00f3 amb Dream Big Renfe \u2013 SNCF, una hackathon en el Museu del Ferrocarril de Catalunya"},"content":{"rendered":"<p><strong>\u00b7 El Dream BIG Express, es centrar\u00e0 en un dels grans problemes a solucionar a escala mundial: la sostenibilitat<\/strong><\/p>\n<p>06 de febrero de 2020. El pr\u00f2xim 13 de Febrer, el Museu del Ferrocarril de Catalunya, a Vilanova i la Geltr\u00fa, ser\u00e0 l&#8217;escenari que acollir\u00e0, l&#8217;esdeveniment d&#8217;inauguraci\u00f3 de l\u2019Imagine Express 2020. M\u00e9s de 200 persones es reuniran per a participar en la competici\u00f3 d&#8217;idees en l&#8217;\u00e0mbit de la sostenibilitat: el Dream BIG Express. Aquesta iniciativa, es desenvolupa a trav\u00e9s d&#8217;una competici\u00f3 disruptiva on es treballen solucions a reptes plantejats. Despr\u00e9s de 3 hores de sessi\u00f3, de 9.30 h a 12.30 h, un jurat compost per diferents experts del sector, personalitats i actors del territori, seleccionaran a l&#8217;equip guanyador que accelerar\u00e0 la seva idea en el programa Imagine Express 2020, a bord d&#8217;un tren d&#8217;alta velocitat de Renfe \u2013 SNCF en Cooperaci\u00f3n entre Barcelona i Par\u00eds. Aquest viatge finalitza en el 4YFN del Mobile World Congress, el pr\u00f2xim dia 25 de febrer on es presentar\u00e0 l\u2019equip guanyador.<\/p>\n<p>L&#8217;esdeveniment s&#8217;iniciar\u00e0 amb una xerrada inspiradora de l&#8217;experta en sostenibilitat S\u00f2nia Ruiz, conscienciant sobre aquest gran problema que afecta a tothom. A m\u00e9s, comptar\u00e0 amb la pres\u00e8ncia de Xavier Verdaguer, CEO i Fundador d\u2019Imagine, Conchi Mart\u00ednez, Regidora d\u2019Innovaci\u00f3 i empresa de l\u2019Ajuntament de Vilanova i la Geltr\u00fa, Ignasi Perat, Director del M\u00e0ster de Sistemes Ferroviaris de la UPC, Jos\u00e9 Carlos Dom\u00ednguez Curiel, Director de la Fundaci\u00f3 dels Ferrocarrils Espanyols i Pilar Garc\u00eda, Directora del Museu del Ferrocarril de Catalunya.<\/p>\n<p>Ignacio Portillo, responsable d\u2019Anal\u00edtica i personalitzaci\u00f3 de continguts Web de Renfe i Jorge Marcos, cap d\u2019innovaci\u00f3 digital de projectes de Renfe, participaran com a mentors dels equips en aquesta edici\u00f3.<\/p>\n<p>Paral\u00b7lelament, Rodalies de Catalunya s&#8217;uneix al Dream Big Express facilitant el transport entre Barcelona i Vilanova, amb l&#8217;objectiu que el viatge en tren formi part de l&#8217;inici de l&#8217;operaci\u00f3 i d&#8217;incentivar la participaci\u00f3 i el despla\u00e7ament del major nombre de persones possibles.<\/p>\n<p><strong>La innovaci\u00f3 i la sostenibilitat com a eix principal<\/strong><br \/>\nEl ferrocarril \u00e9s la manera de transport de viatgers i de mercaderies que presenta un menor impacte ambiental en el seu conjunt, \u00e9s la manera que menys energia consumeix per unitat transportada, que presenta uns menors nivells d&#8217;emissions de CO?, que menys contribueix a la contaminaci\u00f3 local en les \u00e0rees urbanes, i que genera un menor impacte ac\u00fastic. A m\u00e9s, l&#8217;ocupaci\u00f3 del terreny realitzada per les infraestructures ferrovi\u00e0ries \u00e9s significativament menor que l&#8217;espai ocupat per les carreteres.<\/p>\n<p>Seguint aquesta l\u00ednia, pujar-se al tren de l\u2019 Imagine Express 2020 no representa \u00fanicament estar utilitzant el transport m\u00e9s sostenible que existeix, sin\u00f3 tamb\u00e9 endinsar-se en 6.000 minuts de plena consci\u00e8ncia ambiental: l&#8217;equip d\u2019Imagine s&#8217;ha comprom\u00e8s a reduir el m\u00e0xim de residus possibles i buscar diferents maneres de ser sostenibles durant tot el viatge d&#8217;innovaci\u00f3, desenvolupant fonts alternes d&#8217;energies, reduint la contaminaci\u00f3 i els danys al medi ambient causats per les accions quotidianes presents durant el viatge. Un repte m\u00e9s que acompanyar\u00e0 als dreamers d&#8217;aquesta edici\u00f3, que tornaran a demostrar tot el que som capaces de fer en 6.000 minuts amb eines de metodologia, treball en equip i actitud. 6.000 minuts d&#8217;innovaci\u00f3 i sostenibilitat express.<\/p>\n<p><span style=\"color: #0000ff;\"><strong><a style=\"color: #0000ff;\" href=\"https:\/\/www.renfe-sncf.com\/es-es\/\">Renfe SNCF. www.renfe-sncf.com<\/a><\/strong><\/span><br \/>\nRenfe-SNCF en Cooperaci\u00f3n connecta 21 ciutats traslladant al viatger de centre a centre de les ciutats de Madrid, Saragossa, Tarragona, Barcelona, Girona i Figueres a Espanya i Perpiny\u00e0, Narbona, B\u00e9ziers, Agde, S\u00e8te, Carcassona, Toulouse, Montpeller, Nimes, Aviny\u00f3, Aix-en-Provence, Marsella, Valence Lyon i Par\u00eds a Fran\u00e7a.<\/p>\n<p>Durant tot l&#8217;any, quatre freq\u00fc\u00e8ncies di\u00e0ries uneixen tots dos pa\u00efsos, incrementant-se fins a sis en temporada d&#8217;estiu, configurant una xarxa de 64 connexions.<\/p>\n","protected":false},"excerpt":{"rendered":"<p>\u00b7 El Dream BIG Express, es centrar\u00e0 en un dels grans problemes a solucionar a escala mundial: la sostenibilitat 06<\/p>\n","protected":false},"author":4,"featured_media":0,"comment_status":"closed","ping_status":"open","sticky":false,"template":"","format":"standard","meta":{"footnotes":""},"categories":[],"tags":[25,154,509,155],"class_list":["post-29341","post","type-post","status-publish","format-standard","hentry","tag-actes-congrtesosi-exposicions-fires-i-formacio","tag-museu-del-ferrocarril-de-catalunya","tag-renfe-sncf-en-cooperacion-en-cooperation","tag-vilanova-i-la-geltru","comments-off"],"_links":{"self":[{"href":"https:\/\/www.agrupament.cat\/portal\/wp-json\/wp\/v2\/posts\/29341","targetHints":{"allow":["GET"]}}],"collection":[{"href":"https:\/\/www.agrupament.cat\/portal\/wp-json\/wp\/v2\/posts"}],"about":[{"href":"https:\/\/www.agrupament.cat\/portal\/wp-json\/wp\/v2\/types\/post"}],"author":[{"embeddable":true,"href":"https:\/\/www.agrupament.cat\/portal\/wp-json\/wp\/v2\/users\/4"}],"replies":[{"embeddable":true,"href":"https:\/\/www.agrupament.cat\/portal\/wp-json\/wp\/v2\/comments?post=29341"}],"version-history":[{"count":1,"href":"https:\/\/www.agrupament.cat\/portal\/wp-json\/wp\/v2\/posts\/29341\/revisions"}],"predecessor-version":[{"id":29342,"href":"https:\/\/www.agrupament.cat\/portal\/wp-json\/wp\/v2\/posts\/29341\/revisions\/29342"}],"wp:attachment":[{"href":"https:\/\/www.agrupament.cat\/portal\/wp-json\/wp\/v2\/media?parent=29341"}],"wp:term":[{"taxonomy":"category","embeddable":true,"href":"https:\/\/www.agrupament.cat\/portal\/wp-json\/wp\/v2\/categories?post=29341"},{"taxonomy":"post_tag","embeddable":true,"href":"https:\/\/www.agrupament.cat\/portal\/wp-json\/wp\/v2\/tags?post=29341"}],"curies":[{"name":"wp","href":"https:\/\/api.w.org\/{rel}","templated":true}]}}