{"id":29141,"date":"2020-01-03T19:04:51","date_gmt":"2020-01-03T18:04:51","guid":{"rendered":"http:\/\/www.agrupament.cat\/portal\/?p=29141"},"modified":"2020-01-03T19:05:12","modified_gmt":"2020-01-03T18:05:12","slug":"les-vendes-de-la-t-usual-dupliquen-les-dels-antics-abonaments-mensuals-els-dos-primers-dies-del-2020","status":"publish","type":"post","link":"https:\/\/www.agrupament.cat\/portal\/2020\/01\/les-vendes-de-la-t-usual-dupliquen-les-dels-antics-abonaments-mensuals-els-dos-primers-dies-del-2020\/","title":{"rendered":"Les vendes de la T-usual dupliquen les dels antics abonaments mensuals els dos primers dies del 2020"},"content":{"rendered":"<p>3 de gener del 2020<br \/>\n<strong>\u00b7 La demanda de la T-jove, que tamb\u00e9 ha baixat de preu, s&#8217;ha triplicat als punts de venda de la xarxa de metro de TMB, mentre que reculen les targetes per a \u00fas menys freq\u00fcent<\/strong><\/p>\n<p>L\u2019entrada en vigor del el nou esquema tarifari del sistema integrat de transport p\u00fablic de la regi\u00f3 de Barcelona, que rebaixa els preus per als usuaris habituals i els joves, ha tingut un efecte immediat en la demanda de targetes i abonaments a la xarxa de metro de TMB. Segons les primeres dades de les distribu\u00efdores autom\u00e0tiques de les 158 estacions dels dies 1 i 2 de gener, les vendes dels abonaments personalitzats T-usual, v\u00e0lids per a un nombre il\u00b7limitat de viatges en 30 dies, s\u2019han incrementat un 120% en relaci\u00f3 amb les dels abonaments equiparables de fa un any (T-mes, T-50\/30 i T-trimestre).<\/p>\n<p>Precisament, la T-usual \u00e9s l\u2019aposta principal del model tarifari aprovat per l\u2019Autoritat del Transport Metropolit\u00e0 (ATM) el desembre passat, que el configura com una tarifa plana que dona acc\u00e9s a tots els modes de transport durant 30 dies amb un preu de 40 euros per a una zona, un 25% menys del que valia la T-mes el 2019.<\/p>\n<p>La T-jove, t\u00edtol trimestral personalitzat que per a una zona val 80 euros (105 euros el 2019), tamb\u00e9 s\u2019ha disparat: en dos dies se n\u2019han venut tres vegades m\u00e9s que en les mateixes dates del 2019.<\/p>\n<p>En canvi, les targetes per a usuaris menys freq\u00fcents del transport p\u00fablic han estat menys sol\u00b7licitades que fa un any: la T-casual, t\u00edtol unipersonal per a deu viatges, ha reculat un 22% respecte de la T-10. En aquest cas hi ha una difer\u00e8ncia de preu desfavorable, al passar de 10,20 a 11,35 euros la unitat.<\/p>\n<p>En global, i segons els recomptes provisionals, els dos primers dies del 2020 s\u2019han incrementat les vendes de t\u00edtols integrats un 6% respecte de l\u2019any anterior.<\/p>\n<p>L\u2019entrada en vigor del nou model tarifari del transport metropolit\u00e0 ha suscitat una intensa activitat informativa per part de TMB per tots els canals, com a complement de la campanya de difusi\u00f3 que est\u00e0 realitzant l\u2019ATM. Igualment, els canals d\u2019atenci\u00f3 al ciutad\u00e0 estan fent un esfor\u00e7 important per resoldre dubtes i gestionar les peticions dels usuaris. Aix\u00ed, ahir 2 de gener es van atendre unes 2.900 peticions d\u2019informaci\u00f3 i atenci\u00f3 en relaci\u00f3 amb les tarifes, de les quals 2.650 van ser resoltes presencialment als tres centres de qu\u00e8 disposa TMB i la resta a trav\u00e9s dels canals digitals.<\/p>\n<p><strong>Nou m\u00e0xim de passatge en la nit de Cap d\u2019Any<\/strong><br \/>\nD\u2019altra banda, i tamb\u00e9 en relaci\u00f3 amb l\u2019efecte del canvi d\u2019any en el transport p\u00fablic, la nit del 31 de desembre a l\u20191 de gener la xarxa de metro de TMB va establir un nou m\u00e0xim de passatge en l\u2019horari nocturn de Cap d\u2019Any. Aix\u00ed, de les 22 hores del 31 fins a les 6 del mat\u00ed del dia d\u2019Any Nou, es van registrar 255.000 validacions, un 8% m\u00e9s que en la mateixa franja de l\u2019any anterior. La prestaci\u00f3 del servei nocturn va ser possible gr\u00e0cies a la implicaci\u00f3 d\u2019unes 400 persones, entre personal d\u2019operacions, manteniment i seguretat.<\/p>\n<p>Aquesta dada confirma la utilitat dels esfor\u00e7os que fa TMB per mantenir els horaris continuats d\u2019obertura de la xarxa de metro els dissabtes i altres nits significatives, com a contribuci\u00f3 a la mobilitat sostenible i segura. En aquesta ocasi\u00f3 van ser 43 hores de servei continuat, des de les 5 del mat\u00ed del dimarts 31 de desembre fins a la mitjanit del dimecres 1 de gener.<\/p>\n","protected":false},"excerpt":{"rendered":"<p>3 de gener del 2020 \u00b7 La demanda de la T-jove, que tamb\u00e9 ha baixat de preu, s&#8217;ha triplicat als<\/p>\n","protected":false},"author":4,"featured_media":0,"comment_status":"closed","ping_status":"open","sticky":false,"template":"","format":"standard","meta":{"footnotes":""},"categories":[],"tags":[25,104,35,68,56],"class_list":["post-29141","post","type-post","status-publish","format-standard","hentry","tag-actes-congrtesosi-exposicions-fires-i-formacio","tag-atm","tag-barcelona","tag-tarifes","tag-metro-barcelona-tmb","comments-off"],"_links":{"self":[{"href":"https:\/\/www.agrupament.cat\/portal\/wp-json\/wp\/v2\/posts\/29141","targetHints":{"allow":["GET"]}}],"collection":[{"href":"https:\/\/www.agrupament.cat\/portal\/wp-json\/wp\/v2\/posts"}],"about":[{"href":"https:\/\/www.agrupament.cat\/portal\/wp-json\/wp\/v2\/types\/post"}],"author":[{"embeddable":true,"href":"https:\/\/www.agrupament.cat\/portal\/wp-json\/wp\/v2\/users\/4"}],"replies":[{"embeddable":true,"href":"https:\/\/www.agrupament.cat\/portal\/wp-json\/wp\/v2\/comments?post=29141"}],"version-history":[{"count":1,"href":"https:\/\/www.agrupament.cat\/portal\/wp-json\/wp\/v2\/posts\/29141\/revisions"}],"predecessor-version":[{"id":29142,"href":"https:\/\/www.agrupament.cat\/portal\/wp-json\/wp\/v2\/posts\/29141\/revisions\/29142"}],"wp:attachment":[{"href":"https:\/\/www.agrupament.cat\/portal\/wp-json\/wp\/v2\/media?parent=29141"}],"wp:term":[{"taxonomy":"category","embeddable":true,"href":"https:\/\/www.agrupament.cat\/portal\/wp-json\/wp\/v2\/categories?post=29141"},{"taxonomy":"post_tag","embeddable":true,"href":"https:\/\/www.agrupament.cat\/portal\/wp-json\/wp\/v2\/tags?post=29141"}],"curies":[{"name":"wp","href":"https:\/\/api.w.org\/{rel}","templated":true}]}}