{"id":29136,"date":"2020-01-03T08:00:56","date_gmt":"2020-01-03T07:00:56","guid":{"rendered":"http:\/\/www.agrupament.cat\/portal\/?p=29136"},"modified":"2020-01-03T17:07:57","modified_gmt":"2020-01-03T16:07:57","slug":"la-generalitat-implementa-el-primer-servei-de-velocitat-alta-entre-tortosa-i-barcelona","status":"publish","type":"post","link":"https:\/\/www.agrupament.cat\/portal\/2020\/01\/la-generalitat-implementa-el-primer-servei-de-velocitat-alta-entre-tortosa-i-barcelona\/","title":{"rendered":"La Generalitat implementa el primer servei de velocitat alta entre Tortosa i Barcelona"},"content":{"rendered":"<p>02\/01\/2020<br \/>\n<strong>\u00b7 At\u00e8s que l\u2019oferta prevista per Renfe comporta una disminuci\u00f3 de serveis ferroviaris a les Terres de l\u2019Ebre un cop entri en funcionament la variant Vandell\u00f2s, el Govern considera imprescindible un servei de velocitat alta entre Tortosa i Barcelona<\/strong><br \/>\n<strong>\u00b7 El nou servei permetr\u00e0 arribar a Sants a les 8 hores, amb un recorregut de poc m\u00e9s de 90 minuts i parades interm\u00e8dies a l\u2019Aldea, l\u2019Hospitalet de l\u2019Infant, Cambrils i l\u2019estaci\u00f3 d\u2019alta velocitat del Camp de Tarragona.<\/strong><br \/>\n<strong>\u00b7 La Generalitat refor\u00e7a la connectivitat amb Barcelona al mat\u00ed, amb la modificaci\u00f3 de l\u2019horari d\u2019un Talgo perqu\u00e8 arribi a Sants a les 10.05 h<\/strong><br \/>\n<strong>\u00b7 El secretari d\u2019Infraestructures i Mobilitat, Isidre Gav\u00edn, denuncia la \u201cindefensi\u00f3\u201d de la Generalitat davant l\u2019oferta ferrovi\u00e0ria plantejada per l\u2019operador, la veu \u201cinsuficient, no ens complau i no cobreix ni les expectatives ni les necessitats del territori\u201d<\/strong><\/p>\n<p><strong>Gav\u00edn posa en valor l\u2019acord un\u00e0nime a qu\u00e8 ha arribat la Taula de Mobilitat de les Terres de l\u2019Ebre per reclamar a l\u2019Estat un model ferroviari al servei del territori<\/strong><br \/>\nEl Secretari d\u2019Infraestructures i Mobilitat, Isidre Gav\u00edn, acompanyat del director general de Transports i Mobilitat, David Saldoni, i el delegat del Govern a les Terres de l\u2019Ebre, Xavier Pallar\u00e8s, ha anunciat avui a Tortosa que el Departament de Territori i Sostenibilitat implantar\u00e0 a partir del 3 de febrer un servei de velocitat alta entre Tortosa i Barcelona, que operar\u00e0 Renfe. El Departament considera imprescindible complementar l\u2019oferta plantejada per la companyia un cop es posi en funcionament la variant de Vandell\u00f2s, que comporta una disminuci\u00f3 de serveis ferroviaris per a les Terres de l\u2019Ebre perqu\u00e8 els Euromed deixen de parar a l\u2019Aldea. Aix\u00ed mateix, es modificar\u00e0 l\u2019horari d\u2019un servei Talgo per assolir una millor cobertura en la connexi\u00f3 de les Terres de l\u2019Ebre amb Barcelona al mat\u00ed. Gav\u00edn ha fet aquest anunci a la Taula de la Mobilitat de les Terres de l\u2019Ebre, celebrada aquest mat\u00ed.<\/p>\n<p>Gav\u00edn ha posat de manifest la \u201cindefensi\u00f3\u201d de la Generalitat amb la nova oferta ferrovi\u00e0ria i la sorpresa perqu\u00e8 els Euromed no s\u2019aturin a l\u2019Aldea tot i l\u2019oferta de la Generalitat de mantenir o modificar les condicions actuals. \u201cNo hem sabut els serveis de Renfe fins a mitjans desembre i, per tant, hem tingut una limitada capacitat per poder actuar. En aquest context, refermo que \u00e9s una oferta insuficient, que no ens complau i no cobreix ni les expectatives ni les necessitats el territori. No podem arribar a entendre que es posi en servei un nou tram d\u2019un corredor tan important, tan cost\u00f3s, i que no prevegi una millora en l\u2019oferta de serveis\u201d, ha explicat.<\/p>\n<p>A partir d\u2019aqu\u00ed, \u201camb unes eines limitades com t\u00e9 la Generalitat, que no t\u00e9 ni trens, ni maquinistes ni solcs i que totes les millores que volem impulsar queden condicionades a qu\u00e8 Renfe i Adif diguin que tenen capacitat o disponibilitat, el que podem desenvolupar ara a curt termini \u00e9s un nou servei de velocitat alta\u201d, ha exposat. Amb el nou servei ferroviari que connectar\u00e0 Tortosa i Barcelona en 1 hora i 35 minuts el Govern engega el primer servei ferroviari de velocitat alta, operat per Renfe, que t\u00e9 un cost valorat en 2,5 MEUR anuals.<\/p>\n<p>El nou servei constar\u00e0 d\u2019una anada i una tornada al dia: sortir\u00e0 de Tortosa a les 6,20 hores i arribar\u00e0 a Barcelona Sants a les 7,54 hores, aproximadament. La tornada ser\u00e0 a les 16,05 h de Barcelona i arribar\u00e0 a Tortosa a les 17,35 hores. Ser\u00e0 semidirecte i far\u00e0 el recorregut Tortosa, l\u2019Aldea, l\u2019Hospitalet de l\u2019Infant, Cambrils, Camp de Tarragona \u2013des d\u2019on es podr\u00e0 connectar amb les l\u00ednies d\u2019alta velocitat a Lleida, Saragossa i Madrid\u2013 i Barcelona. Els preus i abonaments seran equivalents als dels serveis AVANT. Per motius de formaci\u00f3 del personal de Renfe, el nou servei entrar\u00e0 en funcionament el primer dilluns de febrer.<\/p>\n<p>D\u2019altra banda, per garantir una millor connectivitat entre les Terres de l\u2019Ebre i Barcelona en hora punta al mat\u00ed, s\u2019ha acordat modificar l\u2019horari d\u2019un servei Talgo, de manera que arribar\u00e0 a Barcelona a les 10.05 h. En total, hi ha sis Talgo al dia amb parada a les Terres de l\u2019Ebre.<\/p>\n<p>Pel que fa a les freq\u00fc\u00e8ncies de l\u2019R15 i R16, Gav\u00edn ha especificat que no hi ha cap reducci\u00f3 de freq\u00fc\u00e8ncies. Per tant, es mantenen el nombre de serveis diaris, amb una reducci\u00f3 del temps de trajecte d\u2019uns 10 minuts.<\/p>\n<p>En una segona fase, el Govern preveu posar en servei una llan\u00e7adora entre Tortosa i el Camp de Tarragona \u201cque pugui fer un parell de freq\u00fc\u00e8ncies al dia i que permeti enlla\u00e7ar amb alguns dels serveis AVANT i altres serveis d\u2019alta velocitat que ja existeixen ara\u201d, ha avan\u00e7at.<\/p>\n<p>Finalment, Gav\u00edn ha manifestat que l\u2019objectiu \u00e9s \u201crecuperar i millorar els horaris que ten\u00edem abans de les obres. Aix\u00f2 vol dir que no renunciem al nostre model ferroviari i per aix\u00f2 avui, a la Taula, hem pres un acord un\u00e0nime que \u00e9s continuar treballant perqu\u00e8 considerem que l\u2019oferta \u00e9s insuficient\u201d. Concretament, s\u2019han consensuat tres peticions, que es faran arribar al ministre de Foment, al secretari d\u2019Estat d\u2019Infraestructures i al president de Renfe, i que s\u00f3n les seg\u00fcents:<br \/>\n<strong>\u00b7 Reclamar l\u2019aturada dels EUROMED a l\u2019Aldea, com fins ara, i si cal incrementar-ne el nombre.<\/strong><br \/>\n<strong>\u00b7 Reclamar la millora dels horaris dels serveis de rodalies (R15 &#8211; R16) per tal que puguin millorar els temps anteriors a les obres del desdoblament i nou tra\u00e7at del tram Vandell\u00f2s-Tarragona.<\/strong><br \/>\n<strong>\u00b7 Reclamar a Adif que posi en disposici\u00f3 de manera immediata els solcs per tal de poder implementar noves freq\u00fc\u00e8ncies semidirectes, tal i com es va acordar en l\u2019\u00f2rgan mixt entre Renfe i la Generalitat de Catalunya.<\/strong><\/p>\n<p>A l\u2019acabar la reuni\u00f3, el secretari s\u2019ha reunit amb la Plataforma Trens Dignes.<\/p>\n","protected":false},"excerpt":{"rendered":"<p>02\/01\/2020 \u00b7 At\u00e8s que l\u2019oferta prevista per Renfe comporta una disminuci\u00f3 de serveis ferroviaris a les Terres de l\u2019Ebre un<\/p>\n","protected":false},"author":4,"featured_media":0,"comment_status":"closed","ping_status":"open","sticky":false,"template":"","format":"standard","meta":{"footnotes":""},"categories":[],"tags":[395,236,87,479,73,714,684],"class_list":["post-29136","post","type-post","status-publish","format-standard","hentry","tag-cambrils","tag-camp-de-tarragona","tag-corredor-del-mediterrani","tag-euromed","tag-generalitat-de-catalunya-territori-i-sostenibilitat","tag-laldea","tag-lhospitalet-de-linfant","comments-off"],"_links":{"self":[{"href":"https:\/\/www.agrupament.cat\/portal\/wp-json\/wp\/v2\/posts\/29136","targetHints":{"allow":["GET"]}}],"collection":[{"href":"https:\/\/www.agrupament.cat\/portal\/wp-json\/wp\/v2\/posts"}],"about":[{"href":"https:\/\/www.agrupament.cat\/portal\/wp-json\/wp\/v2\/types\/post"}],"author":[{"embeddable":true,"href":"https:\/\/www.agrupament.cat\/portal\/wp-json\/wp\/v2\/users\/4"}],"replies":[{"embeddable":true,"href":"https:\/\/www.agrupament.cat\/portal\/wp-json\/wp\/v2\/comments?post=29136"}],"version-history":[{"count":1,"href":"https:\/\/www.agrupament.cat\/portal\/wp-json\/wp\/v2\/posts\/29136\/revisions"}],"predecessor-version":[{"id":29137,"href":"https:\/\/www.agrupament.cat\/portal\/wp-json\/wp\/v2\/posts\/29136\/revisions\/29137"}],"wp:attachment":[{"href":"https:\/\/www.agrupament.cat\/portal\/wp-json\/wp\/v2\/media?parent=29136"}],"wp:term":[{"taxonomy":"category","embeddable":true,"href":"https:\/\/www.agrupament.cat\/portal\/wp-json\/wp\/v2\/categories?post=29136"},{"taxonomy":"post_tag","embeddable":true,"href":"https:\/\/www.agrupament.cat\/portal\/wp-json\/wp\/v2\/tags?post=29136"}],"curies":[{"name":"wp","href":"https:\/\/api.w.org\/{rel}","templated":true}]}}