{"id":29075,"date":"2019-12-11T08:00:11","date_gmt":"2019-12-11T07:00:11","guid":{"rendered":"http:\/\/www.agrupament.cat\/portal\/?p=29075"},"modified":"2019-12-11T11:48:33","modified_gmt":"2019-12-11T10:48:33","slug":"lalcaldessa-de-lhospitalet-i-el-president-de-renfe-visiten-les-obres-de-millora-daccessibilitat-de-lestacio-de-bellvitge","status":"publish","type":"post","link":"https:\/\/www.agrupament.cat\/portal\/2019\/12\/lalcaldessa-de-lhospitalet-i-el-president-de-renfe-visiten-les-obres-de-millora-daccessibilitat-de-lestacio-de-bellvitge\/","title":{"rendered":"L\u2019alcaldessa de L\u2019Hospitalet i el president de Renfe visiten les obres de millora d\u2019accessibilitat de l\u2019estaci\u00f3 de Bellvitge"},"content":{"rendered":"<p>En el marc del Pla de d\u2019Estacions de Renfe per a rodalia de Barcelona<br \/>\n<strong>\u00b7 Les actuacions contemplen, entre d\u2019altres, la instal\u00b7laci\u00f3 de 4 ascensors<\/strong><br \/>\n<strong>\u00b7 Les obres disposen d\u2019un pressupost de prop de 3 milions d\u2019euros<\/strong><\/p>\n<p>L\u2019Hospitalet de Llobregat, 10 de desembre de 2019 (Renfe).<br \/>\nL\u2019alcaldessa de L\u2019Hospitalet de Llobregat, N\u00faria Mar\u00edn, i el president de Renfe, Isa\u00edas T\u00e1boas, han visitat les actuacions de millora d\u2019accessibilitat que l\u2019empresa operadora est\u00e0 executant a l\u2019estaci\u00f3 de Bellvitge.<\/p>\n<p>Les actuacions que s\u2019estan duent a terme a Bellvitge disposen d\u2019un pressupost de 2.944.455,69 euros. Els principals treballs contemplen:<br \/>\n\u00b7 Instal\u00b7laci\u00f3 de 4 ascensors<br \/>\n\u00b7 Recrescut d\u2019andanes i prolongaci\u00f3 fins a 200 metres, el que possibilitar\u00e0 l\u2019acc\u00e9s al tren des de l\u2019andana<br \/>\n\u00b7 Substituci\u00f3 de la il\u00b7luminaci\u00f3 existent a les andanes<br \/>\n\u00b7 Redistribuci\u00f3 de vest\u00edbul<br \/>\n\u00b7 Urbanitzaci\u00f3 d\u2019accessos<br \/>\n\u00b7 Noves instal\u00b7lacions per dotar de llum natural al vest\u00edbul<\/p>\n<p>Di\u00e0riament 6.362 viatgers utilitzen els serveis de la l\u00ednia R2 nord i R2 sud que permet enlla\u00e7ar amb el centre de Barcelona en nom\u00e9s 13 minuts.<\/p>\n<p>Pla d\u2019estacions de Renfe per a rodalia de Barcelona<br \/>\nAquestes millores a les estacions de rodalies s\u2019emmarquen en el Pla d\u2019estacions de Renfe per a rodalia de Barcelona. En total, Renfe est\u00e0 invertint prop de 100 milions d\u2019euros en actuacions centrades principalment en la millora de l\u2019accessibilitat, aix\u00ed com altres tasques de modernitzaci\u00f3 de 39 estacions de la rodalia de Barcelona.<\/p>\n","protected":false},"excerpt":{"rendered":"<p>En el marc del Pla de d\u2019Estacions de Renfe per a rodalia de Barcelona \u00b7 Les actuacions contemplen, entre d\u2019altres,<\/p>\n","protected":false},"author":4,"featured_media":0,"comment_status":"closed","ping_status":"open","sticky":false,"template":"","format":"standard","meta":{"footnotes":""},"categories":[],"tags":[584,43,19,72],"class_list":["post-29075","post","type-post","status-publish","format-standard","hentry","tag-bellvitge","tag-estacions","tag-infraestructures","tag-renfe-operadora","comments-off"],"_links":{"self":[{"href":"https:\/\/www.agrupament.cat\/portal\/wp-json\/wp\/v2\/posts\/29075","targetHints":{"allow":["GET"]}}],"collection":[{"href":"https:\/\/www.agrupament.cat\/portal\/wp-json\/wp\/v2\/posts"}],"about":[{"href":"https:\/\/www.agrupament.cat\/portal\/wp-json\/wp\/v2\/types\/post"}],"author":[{"embeddable":true,"href":"https:\/\/www.agrupament.cat\/portal\/wp-json\/wp\/v2\/users\/4"}],"replies":[{"embeddable":true,"href":"https:\/\/www.agrupament.cat\/portal\/wp-json\/wp\/v2\/comments?post=29075"}],"version-history":[{"count":1,"href":"https:\/\/www.agrupament.cat\/portal\/wp-json\/wp\/v2\/posts\/29075\/revisions"}],"predecessor-version":[{"id":29076,"href":"https:\/\/www.agrupament.cat\/portal\/wp-json\/wp\/v2\/posts\/29075\/revisions\/29076"}],"wp:attachment":[{"href":"https:\/\/www.agrupament.cat\/portal\/wp-json\/wp\/v2\/media?parent=29075"}],"wp:term":[{"taxonomy":"category","embeddable":true,"href":"https:\/\/www.agrupament.cat\/portal\/wp-json\/wp\/v2\/categories?post=29075"},{"taxonomy":"post_tag","embeddable":true,"href":"https:\/\/www.agrupament.cat\/portal\/wp-json\/wp\/v2\/tags?post=29075"}],"curies":[{"name":"wp","href":"https:\/\/api.w.org\/{rel}","templated":true}]}}