{"id":29058,"date":"2019-12-04T08:00:43","date_gmt":"2019-12-04T07:00:43","guid":{"rendered":"http:\/\/www.agrupament.cat\/portal\/?p=29058"},"modified":"2019-12-05T12:22:41","modified_gmt":"2019-12-05T11:22:41","slug":"renfe-serveis-essencials-per-a-la-jornada-de-vaga-parcial-del-5-de-desembre","status":"publish","type":"post","link":"https:\/\/www.agrupament.cat\/portal\/2019\/12\/renfe-serveis-essencials-per-a-la-jornada-de-vaga-parcial-del-5-de-desembre\/","title":{"rendered":"Renfe. Serveis essencials per a la jornada de vaga parcial del 5 de desembre"},"content":{"rendered":"<p>Decretats pel Ministerio de Fomento i el Departament de Treball, Afers Socials i Fam\u00edlies<br \/>\n<strong>\u00b7 Rodalies de Catalunya prestar\u00e0 el 40% del servei entre les 00.00 i les 04.00 hores, de 11.00 i les 15.00 hores i de 20.00 a 24.00 hores<\/strong><br \/>\n<strong>\u00b7 AVE-Llarga Dist\u00e0ncia garanteix la circulaci\u00f3 del 90% dels seus serveis i Avant del 63%<\/strong><\/p>\n<p>Barcelona, 3 de desembre de 2019 (Renfe)<br \/>\nAmb motiu de la convocat\u00f2ria de vaga parcial del sindicat CGT pel proper 5 de desembre, el Departament de Treball, Afers Socials i Fam\u00edlies i el Ministerio de Fomento han decretat els serveis essencials a Renfe.<\/p>\n<p>Les aturades parcials estan convocades pel dia 5 desembre de 2019 en per\u00edodes de 4 hores:<br \/>\n&#8211; 00.00 a 04.00<br \/>\n&#8211; 11.00 a 15.00<br \/>\n&#8211; 20.00 a 24.00<\/p>\n<p>En aquestes franges, Rodalies de Catalunya prestar\u00e0 el 40% del seu servei habitual. Durant la resta de la jornada es prestar\u00e0 el servei normal.<\/p>\n<p>Els clients poden consultar aquesta informaci\u00f3 a la p\u00e0gina web <strong><span style=\"color: #ff6600;\"><a style=\"color: #ff6600;\" href=\"http:\/\/rodalies.gencat.cat\/ca\/inici\/\">www.rodaliesdecatalunya.cat<\/a><\/span><\/strong>, web mobi, app\u2019s (Rodalies de Catalunya i Renfe rodalia) i telf. <span style=\"color: #ff6600;\"><strong>900 41 00 41.<\/strong><\/span><\/p>\n<p><strong>Resta de serveis de Renfe<\/strong><br \/>\nDurant el per\u00edode d\u2019aturades parcials, la mobilitat dels viatgers dels trens de Llarga Dist\u00e0ncia Convencional i Alta Velocitat s\u2019assegurar\u00e0 amb un servei del 90%. Pel que fa els serveis Avant el serveis essencials s\u00f3n del 63%.<\/p>\n<p>Els viatgers amb bitllets adquirits amb antelaci\u00f3 pels serveis afectats per la vaga poden sol\u00b7licitar el seu canvi o reemborsament sense cap cost addicional a estacions i ag\u00e8ncies de viatge. Als viatgers afectats per trens suprimits se\u2019ls oferir\u00e0, sempre que sigui possible, viatjar en un altre tren en el horari m\u00e9s aproximat al adquirit.<\/p>\n<p>Els usuaris poden obtenir informaci\u00f3 detallada al tel\u00e8fon <strong><span style=\"color: #800080;\">912 320 320,<\/span><\/strong> al web <span style=\"color: #800080;\"><a style=\"color: #800080;\" href=\"http:\/\/www.renfe.com\">www.renfe.com<\/a> <\/span>i al Twitter @Renfe.<\/p>\n<p><strong>Afectaci\u00f3 per vaga a Fran\u00e7a<\/strong><br \/>\nA causa de la vaga nacional interprofessional a Fran\u00e7a, convocada a partir del 5 de desembre, els trens de Renfe-SNCF en Cooperaci\u00f3n es veuran afectats.<\/p>\n<p>De manera general, no estan previstes mesures alternatives de transport en els dies de vaga. Els clients internacionals prove\u00efts de bitllets per als trens suprimits, podran ser acomodats (en la mateixa classe i trajecte) en qualsevol altre tren de Renfe-SNCF en Cooperaci\u00f3n que operi. Per aix\u00f2, ser\u00e0 necessari que el client es dirigeixi als punts d&#8217;atenci\u00f3 al client de les estacions on se&#8217;ls emetr\u00e0 una tarifa especial sense despesa per al nou tren.<\/p>\n","protected":false},"excerpt":{"rendered":"<p>Decretats pel Ministerio de Fomento i el Departament de Treball, Afers Socials i Fam\u00edlies \u00b7 Rodalies de Catalunya prestar\u00e0 el<\/p>\n","protected":false},"author":4,"featured_media":0,"comment_status":"closed","ping_status":"open","sticky":false,"template":"","format":"standard","meta":{"footnotes":""},"categories":[],"tags":[17,37,103,69,72,472,58],"class_list":["post-29058","post","type-post","status-publish","format-standard","hentry","tag-afectacions-e-incidencies","tag-espana","tag-francia","tag-mitva-ministerio-de-fomento","tag-renfe-operadora","tag-sncf","tag-vagas-huelgas","comments-off"],"_links":{"self":[{"href":"https:\/\/www.agrupament.cat\/portal\/wp-json\/wp\/v2\/posts\/29058","targetHints":{"allow":["GET"]}}],"collection":[{"href":"https:\/\/www.agrupament.cat\/portal\/wp-json\/wp\/v2\/posts"}],"about":[{"href":"https:\/\/www.agrupament.cat\/portal\/wp-json\/wp\/v2\/types\/post"}],"author":[{"embeddable":true,"href":"https:\/\/www.agrupament.cat\/portal\/wp-json\/wp\/v2\/users\/4"}],"replies":[{"embeddable":true,"href":"https:\/\/www.agrupament.cat\/portal\/wp-json\/wp\/v2\/comments?post=29058"}],"version-history":[{"count":3,"href":"https:\/\/www.agrupament.cat\/portal\/wp-json\/wp\/v2\/posts\/29058\/revisions"}],"predecessor-version":[{"id":29061,"href":"https:\/\/www.agrupament.cat\/portal\/wp-json\/wp\/v2\/posts\/29058\/revisions\/29061"}],"wp:attachment":[{"href":"https:\/\/www.agrupament.cat\/portal\/wp-json\/wp\/v2\/media?parent=29058"}],"wp:term":[{"taxonomy":"category","embeddable":true,"href":"https:\/\/www.agrupament.cat\/portal\/wp-json\/wp\/v2\/categories?post=29058"},{"taxonomy":"post_tag","embeddable":true,"href":"https:\/\/www.agrupament.cat\/portal\/wp-json\/wp\/v2\/tags?post=29058"}],"curies":[{"name":"wp","href":"https:\/\/api.w.org\/{rel}","templated":true}]}}