{"id":29011,"date":"2019-11-28T07:43:13","date_gmt":"2019-11-28T06:43:13","guid":{"rendered":"http:\/\/www.agrupament.cat\/portal\/?p=29011"},"modified":"2019-11-28T07:43:13","modified_gmt":"2019-11-28T06:43:13","slug":"saura-reitera-el-compromiso-del-gobierno-con-la-region-de-murcia-en-materia-de-infraestructuras","status":"publish","type":"post","link":"https:\/\/www.agrupament.cat\/portal\/2019\/11\/saura-reitera-el-compromiso-del-gobierno-con-la-region-de-murcia-en-materia-de-infraestructuras\/","title":{"rendered":"Saura reitera el compromiso del Gobierno con la Regi\u00f3n de Murcia en materia de Infraestructuras"},"content":{"rendered":"<p>Hoy, en Madrid<br \/>\n<strong>\u00b7 El Ministerio de Fomento prev\u00e9 invertir 2.000 millones de euros en los pr\u00f3ximos a\u00f1os.<\/strong><\/p>\n<p>Madrid, 27 de noviembre de 2019 (Ministerio de Fomento).<br \/>\nEl secretario de Estado de Infraestructuras, Transporte y Vivienda, Pedro Saura, ha mantenido una reuni\u00f3n de trabajo con el Consejero de Fomento e Infraestructuras, Jos\u00e9 Ram\u00f3n D\u00edez de Revenga, donde ha expresado el compromiso del Gobierno con la Regi\u00f3n de Murcia en materia de Infraestructuras, Transporte y Vivienda.<\/p>\n<p>Durante la reuni\u00f3n, que se ha celebrado en un ambiente de cordialidad institucional, el secretario de Estado ha informado que la inversi\u00f3n prevista del Ministerio de Fomento para los pr\u00f3ximos a\u00f1os en la Regi\u00f3n de Murcia estar\u00e1 en torno a los 2.000 millones de euros, destinada a actuaciones de carreteras, ferrocarriles, puertos y vivienda que favorecer\u00e1n la movilidad y el desarrollo econ\u00f3mico de la Regi\u00f3n.<\/p>\n<p>Adem\u00e1s, Saura ha repasado, junto con el consejero, el estado de las principales inversiones en marcha y previstas como son: el Corredor Mediterr\u00e1neo, incluyendo el AVE a Murcia y Cartagena y Lorca; en materia de carreteras, el Arco Noroeste, el Arco Norte, el tercer carril de la A-7, y la autov\u00eda Zeneta-Santomera. Tambi\u00e9n se ha abordado la ampliaci\u00f3n de la terminal de contenedores del Puerto de Cartagena.<\/p>\n<p>Asimismo, Pedro Saura ha asegurado que el Ministerio de Fomento est\u00e1 trabajando en una soluci\u00f3n de car\u00e1cter inmediato para paliar los problemas derivados de las ayudas a la reconstrucci\u00f3n de las viviendas afectadas por los terremotos de 2011 en Lorca, para lo que se trabajar\u00e1 de manera intensa y en coordinaci\u00f3n con el resto de Administraciones implicadas<\/p>\n","protected":false},"excerpt":{"rendered":"<p>Hoy, en Madrid \u00b7 El Ministerio de Fomento prev\u00e9 invertir 2.000 millones de euros en los pr\u00f3ximos a\u00f1os. Madrid, 27<\/p>\n","protected":false},"author":4,"featured_media":0,"comment_status":"closed","ping_status":"open","sticky":false,"template":"","format":"standard","meta":{"footnotes":""},"categories":[],"tags":[19,69,174],"class_list":["post-29011","post","type-post","status-publish","format-standard","hentry","tag-infraestructures","tag-mitva-ministerio-de-fomento","tag-murcia","comments-off"],"_links":{"self":[{"href":"https:\/\/www.agrupament.cat\/portal\/wp-json\/wp\/v2\/posts\/29011","targetHints":{"allow":["GET"]}}],"collection":[{"href":"https:\/\/www.agrupament.cat\/portal\/wp-json\/wp\/v2\/posts"}],"about":[{"href":"https:\/\/www.agrupament.cat\/portal\/wp-json\/wp\/v2\/types\/post"}],"author":[{"embeddable":true,"href":"https:\/\/www.agrupament.cat\/portal\/wp-json\/wp\/v2\/users\/4"}],"replies":[{"embeddable":true,"href":"https:\/\/www.agrupament.cat\/portal\/wp-json\/wp\/v2\/comments?post=29011"}],"version-history":[{"count":1,"href":"https:\/\/www.agrupament.cat\/portal\/wp-json\/wp\/v2\/posts\/29011\/revisions"}],"predecessor-version":[{"id":29012,"href":"https:\/\/www.agrupament.cat\/portal\/wp-json\/wp\/v2\/posts\/29011\/revisions\/29012"}],"wp:attachment":[{"href":"https:\/\/www.agrupament.cat\/portal\/wp-json\/wp\/v2\/media?parent=29011"}],"wp:term":[{"taxonomy":"category","embeddable":true,"href":"https:\/\/www.agrupament.cat\/portal\/wp-json\/wp\/v2\/categories?post=29011"},{"taxonomy":"post_tag","embeddable":true,"href":"https:\/\/www.agrupament.cat\/portal\/wp-json\/wp\/v2\/tags?post=29011"}],"curies":[{"name":"wp","href":"https:\/\/api.w.org\/{rel}","templated":true}]}}