{"id":28962,"date":"2019-11-23T08:00:18","date_gmt":"2019-11-23T07:00:18","guid":{"rendered":"http:\/\/www.agrupament.cat\/portal\/?p=28962"},"modified":"2019-11-25T16:46:50","modified_gmt":"2019-11-25T15:46:50","slug":"lestacio-de-ciutat-de-la-justicia-de-la-linia-10-sud-de-metro-obrira-les-portes-al-public-dema-a-les-3-de-la-tarda","status":"publish","type":"post","link":"https:\/\/www.agrupament.cat\/portal\/2019\/11\/lestacio-de-ciutat-de-la-justicia-de-la-linia-10-sud-de-metro-obrira-les-portes-al-public-dema-a-les-3-de-la-tarda\/","title":{"rendered":"L&#8217;estaci\u00f3 de Ciutat de la Just\u00edcia de la l\u00ednia 10 Sud de metro obrir\u00e0 les portes al p\u00fablic dem\u00e0 a les 3 de la tarda"},"content":{"rendered":"<p>22 de novembre del 2019<br \/>\nEls ve\u00efns de l\u2019Hospitalet que la vulguin con\u00e8ixer seran obsequiats amb un bitllet gratu\u00eft als accessos, situats a l\u2019avinguda de la Granvia de l\u2019Hospitalet Transports Metropolitans de Barcelona (TMB) ha completat els preparatius per a la posada en servei dem\u00e0, dissabte 23 de novembre, de l\u2019estaci\u00f3 Ciutat de la Just\u00edcia de la l\u00ednia 10 Sud de metro, la setena d\u2019aquesta l\u00ednia, que donar\u00e0 servei al sector d\u2019equipaments situat a la Granvia i als ve\u00efns dels barris de Santa Eul\u00e0lia i Granvia Sud de l\u2019Hospitalet. \u00c9s molt a prop de l\u2019estaci\u00f3 Ildefons Cerd\u00e0 de la L8 d\u2019FGC, amb la qual es pot fer correspond\u00e8ncia per un itinerari senyalitzat.<\/p>\n<p>Aquesta ser\u00e0 la segona ampliaci\u00f3 de la L10 Sud, que va obrir les portes inicialment amb cinc estacions (de Foc a Collblanc) el 8 de setembre del 2018. El 2 de mar\u00e7 passat s\u2019hi va afegir la de Proven\u00e7ana. De les set estacions de la l\u00ednia, tres s\u00f3n compartides amb la l\u00ednia 9 Sud: Can Tries \/ Gornal, Torrassa i Collblanc. El departament de Territori i Sostenibilitat ha comunicat la previsi\u00f3 que el primer trimestre del 2020 entri en servei la vuitena, Zona Franca, situada al pol\u00edgon industrial del mateix nom, al viaducte del carrer A.<\/p>\n<p>Amb Ciutat de la Just\u00edcia, la xarxa de metro passar\u00e0 a tenir 158 estacions (160 comptant les dues del funicular de Montju\u00efc), de les quals 31 en l\u00ednies de funcionament autom\u00e0tic sense conductor com la L10 Sud. Pel que fa a trens, en hora punta en circularan 155 (157 comptant els del Funicular), un m\u00e9s que ara.<\/p>\n<p>L\u2019obertura al p\u00fablic de l\u2019estaci\u00f3 de Ciutat de la Just\u00edcia ser\u00e0 efectiva aquest dissabte, 23 de novembre, a partir de les 15 hores aproximadament, despr\u00e9s de l\u2019acte inaugural. Per subratllar aquest moment hist\u00f2ric s\u2019ha creat un bitllet especial per a dos viatges que es facin el mateix dia, que ser\u00e0 distribu\u00eft gratu\u00eftament dissabte als dos accessos de l\u2019estaci\u00f3, situats al costat muntanya de la Granvia, entre el carrer Alhambra i el recinte judicial.<\/p>\n","protected":false},"excerpt":{"rendered":"<p>22 de novembre del 2019 Els ve\u00efns de l\u2019Hospitalet que la vulguin con\u00e8ixer seran obsequiats amb un bitllet gratu\u00eft als<\/p>\n","protected":false},"author":4,"featured_media":28963,"comment_status":"closed","ping_status":"open","sticky":false,"template":"","format":"standard","meta":{"footnotes":""},"categories":[],"tags":[25,43,73,19,190,667,225,56],"class_list":["post-28962","post","type-post","status-publish","format-standard","has-post-thumbnail","hentry","tag-actes-congrtesosi-exposicions-fires-i-formacio","tag-estacions","tag-generalitat-de-catalunya-territori-i-sostenibilitat","tag-infraestructures","tag-lhospitalet-de-llobregat","tag-l10-sud-zona-franca-collblanc","tag-metro","tag-metro-barcelona-tmb","comments-off"],"_links":{"self":[{"href":"https:\/\/www.agrupament.cat\/portal\/wp-json\/wp\/v2\/posts\/28962","targetHints":{"allow":["GET"]}}],"collection":[{"href":"https:\/\/www.agrupament.cat\/portal\/wp-json\/wp\/v2\/posts"}],"about":[{"href":"https:\/\/www.agrupament.cat\/portal\/wp-json\/wp\/v2\/types\/post"}],"author":[{"embeddable":true,"href":"https:\/\/www.agrupament.cat\/portal\/wp-json\/wp\/v2\/users\/4"}],"replies":[{"embeddable":true,"href":"https:\/\/www.agrupament.cat\/portal\/wp-json\/wp\/v2\/comments?post=28962"}],"version-history":[{"count":1,"href":"https:\/\/www.agrupament.cat\/portal\/wp-json\/wp\/v2\/posts\/28962\/revisions"}],"predecessor-version":[{"id":28964,"href":"https:\/\/www.agrupament.cat\/portal\/wp-json\/wp\/v2\/posts\/28962\/revisions\/28964"}],"wp:featuredmedia":[{"embeddable":true,"href":"https:\/\/www.agrupament.cat\/portal\/wp-json\/wp\/v2\/media\/28963"}],"wp:attachment":[{"href":"https:\/\/www.agrupament.cat\/portal\/wp-json\/wp\/v2\/media?parent=28962"}],"wp:term":[{"taxonomy":"category","embeddable":true,"href":"https:\/\/www.agrupament.cat\/portal\/wp-json\/wp\/v2\/categories?post=28962"},{"taxonomy":"post_tag","embeddable":true,"href":"https:\/\/www.agrupament.cat\/portal\/wp-json\/wp\/v2\/tags?post=28962"}],"curies":[{"name":"wp","href":"https:\/\/api.w.org\/{rel}","templated":true}]}}