{"id":28858,"date":"2019-11-06T08:00:37","date_gmt":"2019-11-06T07:00:37","guid":{"rendered":"http:\/\/www.agrupament.cat\/portal\/?p=28858"},"modified":"2019-11-08T09:59:14","modified_gmt":"2019-11-08T08:59:14","slug":"adif-av-adjudica-el-suministro-de-traviesas-para-las-obras-de-la-lav-murcia-almeria","status":"publish","type":"post","link":"https:\/\/www.agrupament.cat\/portal\/2019\/11\/adif-av-adjudica-el-suministro-de-traviesas-para-las-obras-de-la-lav-murcia-almeria\/","title":{"rendered":"Adif AV adjudica el suministro de traviesas para las obras de la LAV Murcia-Almer\u00eda"},"content":{"rendered":"<p>Avance en las obras del Corredor Mediterr\u00e1neo<br \/>\n<strong>\u2022 El contrato, adjudicado por importe de 8,81 M\u20ac (IVA incluido), contempla el suministro y transporte de 31.850 traviesas de hormig\u00f3n polivalentes, de ancho est\u00e1ndar y convencional<\/strong><br \/>\n<strong>\u2022 Se contemplan dos lotes de suministro, seg\u00fan el tipo de v\u00eda a montar: principalmente traviesas sobre balasto y sobre placa de hormig\u00f3n, que cubrir\u00e1n 18.830 m de v\u00eda en la provincia de Murcia<\/strong><\/p>\n<p><strong>Suministro de traviesas<\/strong><br \/>\n05\/11\/2019. El Consejo de Administraci\u00f3n de Adif Alta Velocidad ha aprobado en su \u00faltima reuni\u00f3n la adjudicaci\u00f3n del contrato de suministro y transporte de traviesas para la L\u00ednea de Alta Velocidad Murcia-Almer\u00eda, correspondiente al Corredor Mediterr\u00e1neo.<\/p>\n<p>El contrato est\u00e1 dividido en dos lotes, ambos adjudicados a la Uni\u00f3n Temporal de Empresas formada por las compa\u00f1\u00edas Drace Infraestructuras y Travipos, con un presupuesto global de 8.810.627,38 euros (IVA incluido).<\/p>\n<p>Los dos lotes se han contratado en funci\u00f3n del tipo de v\u00eda que se vaya a montar, bien sobre balasto o sobre placa de hormig\u00f3n y la transici\u00f3n entre ambas.<\/p>\n<p><strong>El contrato contempla el suministro y transporte de un total de 31.850 traviesas de los siguientes tipos:<\/strong><br \/>\n&#8211; De hormig\u00f3n monobloque polivalentes, aptas para permitir la circulaci\u00f3n de trenes de ancho est\u00e1ndar (1.435 mm) y de ancho convencional (1.668 mm), pero no simult\u00e1neamente.<br \/>\n&#8211; De tipo bibloque de tipolog\u00eda apta para anchos: polivalente, est\u00e1ndar y mixto (que permiten la circulaci\u00f3n de trenes de ancho est\u00e1ndar y de ancho ib\u00e9rico simult\u00e1neamente).<br \/>\n&#8211; Traviesas de transici\u00f3n de elasticidad, destinadas a la conexi\u00f3n de tramos de v\u00eda instalada sobre balasto y sobre placa de hormig\u00f3n.<\/p>\n<p>Las actuaciones previstas en el contrato incluyen la fabricaci\u00f3n de estos elementos de la superestructura de v\u00eda, el suministro de todos los elementos y componentes necesarios, las sujeciones, el acopio en f\u00e1brica, y la carga y transporte hasta su descarga en la zona de las obras de forma previa a su colocaci\u00f3n en la v\u00eda.<\/p>\n<p>Estas traviesas est\u00e1n destinadas a diferentes segmentos de v\u00eda de aproximadamente un total de 18.830 m de longitud localizados en la provincia de Murcia, pertenecientes a la Fase I de las obras de alta velocidad del trayecto Murcia-Almer\u00eda.<\/p>\n<p><strong>Fondos europeos<\/strong><br \/>\nLa l\u00ednea de Alta Velocidad Murcia-Almer\u00eda est\u00e1 cofinanciada por el Fondo Europeo de Desarrollo Regional (FEDER) a trav\u00e9s del P.O. Fondo de Cohesi\u00f3n-FEDER 2007-2013, P.O. de Murcia 2007-2013 y P.O. Plurirregional de Espa\u00f1a 2014-2020, Objetivo Tem\u00e1tico 7: Transporte sostenible.<\/p>\n<p>\u201cUna manera de hacer Europa\u201d<\/p>\n","protected":false},"excerpt":{"rendered":"<p>Avance en las obras del Corredor Mediterr\u00e1neo \u2022 El contrato, adjudicado por importe de 8,81 M\u20ac (IVA incluido), contempla el<\/p>\n","protected":false},"author":4,"featured_media":0,"comment_status":"closed","ping_status":"open","sticky":false,"template":"","format":"standard","meta":{"footnotes":""},"categories":[],"tags":[71,229,786,87,19,174],"class_list":["post-28858","post","type-post","status-publish","format-standard","hentry","tag-adif","tag-almeria","tag-ancho-uic-estandar","tag-corredor-del-mediterrani","tag-infraestructures","tag-murcia","comments-off"],"_links":{"self":[{"href":"https:\/\/www.agrupament.cat\/portal\/wp-json\/wp\/v2\/posts\/28858","targetHints":{"allow":["GET"]}}],"collection":[{"href":"https:\/\/www.agrupament.cat\/portal\/wp-json\/wp\/v2\/posts"}],"about":[{"href":"https:\/\/www.agrupament.cat\/portal\/wp-json\/wp\/v2\/types\/post"}],"author":[{"embeddable":true,"href":"https:\/\/www.agrupament.cat\/portal\/wp-json\/wp\/v2\/users\/4"}],"replies":[{"embeddable":true,"href":"https:\/\/www.agrupament.cat\/portal\/wp-json\/wp\/v2\/comments?post=28858"}],"version-history":[{"count":1,"href":"https:\/\/www.agrupament.cat\/portal\/wp-json\/wp\/v2\/posts\/28858\/revisions"}],"predecessor-version":[{"id":28859,"href":"https:\/\/www.agrupament.cat\/portal\/wp-json\/wp\/v2\/posts\/28858\/revisions\/28859"}],"wp:attachment":[{"href":"https:\/\/www.agrupament.cat\/portal\/wp-json\/wp\/v2\/media?parent=28858"}],"wp:term":[{"taxonomy":"category","embeddable":true,"href":"https:\/\/www.agrupament.cat\/portal\/wp-json\/wp\/v2\/categories?post=28858"},{"taxonomy":"post_tag","embeddable":true,"href":"https:\/\/www.agrupament.cat\/portal\/wp-json\/wp\/v2\/tags?post=28858"}],"curies":[{"name":"wp","href":"https:\/\/api.w.org\/{rel}","templated":true}]}}