{"id":28836,"date":"2019-10-24T10:25:07","date_gmt":"2019-10-24T09:25:07","guid":{"rendered":"http:\/\/www.agrupament.cat\/portal\/?p=28836"},"modified":"2019-10-24T10:25:07","modified_gmt":"2019-10-24T09:25:07","slug":"tram-torna-a-obrir-les-cotxeres-de-sant-joan-despi-en-el-marc-del-festival-48h-open-house-bcn","status":"publish","type":"post","link":"https:\/\/www.agrupament.cat\/portal\/2019\/10\/tram-torna-a-obrir-les-cotxeres-de-sant-joan-despi-en-el-marc-del-festival-48h-open-house-bcn\/","title":{"rendered":"TRAM torna a obrir les cotxeres de Sant Joan Desp\u00ed en el marc del festival 48H Open House BCN"},"content":{"rendered":"<p><strong>L&#8217;horari de les visites \u00e9s de 17 a 20 hores pel dissabte 26 d\u2019octubre i d\u201911.30 a 14 i de 17 a 20 hores, pel diumenge 27 d\u2019octubre.<\/strong><br \/>\n<strong>El 48h Open House BCN \u00e9s un festival d&#8217;arquitectura que aconsegueix obrir les portes de m\u00e9s de 150 edificis emblem\u00e0tics de la Regi\u00f3 Metropolitana de Barcelona.<\/strong><\/p>\n<p>Barcelona, 24 d&#8217;octubre de 2019. TRAM participa, per segon any consecutiu, en el festival 48H Open House BCN amb l\u2019obertura de les cotxeres de la xarxa Trambaix el proper cap de setmana, dies 26 i 27 d\u2019octubre. L\u2019activitat que ofereix TRAM consisteix en una visita guiada a les infraestructures situades a Sant Joan Desp\u00ed, a l\u2019avinguda de Barcelona, s\/n (cantonada rambla de Josep M. Jujol).<\/p>\n<p>Durant l\u2019activitat, organitzada expressament per al festival 48H Open House BCN, es visitaran les cotxeres, que disposen d\u2019una zona de manteniment, reparaci\u00f3 i neteja dels tramvies; el Centre de control on es fa el seguiment de les operacions per garantir la qualitat i seguretat del servei; i un tramvia. L\u2019any passat, m\u00e9s de 400 persones, 145 el torn de dissabte i 276 diumenge, van poder fer aquest mateix tour acompanyades per quatre voluntaris per torn de l\u2019organitzaci\u00f3.<\/p>\n<p>La millor manera d\u2019arribar-hi \u00e9s amb la l\u00ednia T2 del Tramvia fins a l\u2019estaci\u00f3 Bon viatge. L\u2019horari de les visites a la infraestructura de TRAM \u00e9s de 17 a 20 hores el dissabte 26 d\u2019octubre i d\u201911.30 a 14 i de 17 a 20 hores, pel diumenge 27 d\u2019octubre. A Sant Joan Desp\u00ed, amb motiu del festival 48H Open House BCN, tamb\u00e9 es poden visitar els edificis emblem\u00e0tics de la Torre de la Creu, el Restaurant Follia, Can Negre i Can Tous.<\/p>\n<p>El 48H Open House BCN \u00e9s un festival d&#8217;arquitectura, que durant un cap de setmana aconsegueix obrir les portes de m\u00e9s de 150 edificis de Barcelona i les ciutats m\u00e9s properes. El projecte, impulsat per l\u2019associaci\u00f3 que porta el mateix nom, \u00e9s recolza en els pilars de voluntariat, patrocini i participaci\u00f3. L\u2019objectiu \u00e9s fer visible l&#8217;arquitectura com una de les manifestacions culturals m\u00e9s importants a les ciutats.<\/p>\n","protected":false},"excerpt":{"rendered":"<p>L&#8217;horari de les visites \u00e9s de 17 a 20 hores pel dissabte 26 d\u2019octubre i d\u201911.30 a 14 i de<\/p>\n","protected":false},"author":4,"featured_media":28837,"comment_status":"closed","ping_status":"open","sticky":false,"template":"","format":"standard","meta":{"footnotes":""},"categories":[],"tags":[25,700,57,516],"class_list":["post-28836","post","type-post","status-publish","format-standard","has-post-thumbnail","hentry","tag-actes-congrtesosi-exposicions-fires-i-formacio","tag-sant-joan-despi","tag-tram","tag-trambaix","comments-off"],"_links":{"self":[{"href":"https:\/\/www.agrupament.cat\/portal\/wp-json\/wp\/v2\/posts\/28836","targetHints":{"allow":["GET"]}}],"collection":[{"href":"https:\/\/www.agrupament.cat\/portal\/wp-json\/wp\/v2\/posts"}],"about":[{"href":"https:\/\/www.agrupament.cat\/portal\/wp-json\/wp\/v2\/types\/post"}],"author":[{"embeddable":true,"href":"https:\/\/www.agrupament.cat\/portal\/wp-json\/wp\/v2\/users\/4"}],"replies":[{"embeddable":true,"href":"https:\/\/www.agrupament.cat\/portal\/wp-json\/wp\/v2\/comments?post=28836"}],"version-history":[{"count":1,"href":"https:\/\/www.agrupament.cat\/portal\/wp-json\/wp\/v2\/posts\/28836\/revisions"}],"predecessor-version":[{"id":28838,"href":"https:\/\/www.agrupament.cat\/portal\/wp-json\/wp\/v2\/posts\/28836\/revisions\/28838"}],"wp:featuredmedia":[{"embeddable":true,"href":"https:\/\/www.agrupament.cat\/portal\/wp-json\/wp\/v2\/media\/28837"}],"wp:attachment":[{"href":"https:\/\/www.agrupament.cat\/portal\/wp-json\/wp\/v2\/media?parent=28836"}],"wp:term":[{"taxonomy":"category","embeddable":true,"href":"https:\/\/www.agrupament.cat\/portal\/wp-json\/wp\/v2\/categories?post=28836"},{"taxonomy":"post_tag","embeddable":true,"href":"https:\/\/www.agrupament.cat\/portal\/wp-json\/wp\/v2\/tags?post=28836"}],"curies":[{"name":"wp","href":"https:\/\/api.w.org\/{rel}","templated":true}]}}