{"id":28817,"date":"2019-10-23T21:27:00","date_gmt":"2019-10-23T20:27:00","guid":{"rendered":"http:\/\/www.agrupament.cat\/portal\/?p=28817"},"modified":"2019-10-23T21:27:00","modified_gmt":"2019-10-23T20:27:00","slug":"renfe-actualitzacio-16-30-hores-retards-generalitzats-i-trams-tallats","status":"publish","type":"post","link":"https:\/\/www.agrupament.cat\/portal\/2019\/10\/renfe-actualitzacio-16-30-hores-retards-generalitzats-i-trams-tallats\/","title":{"rendered":"Renfe. Actualitzaci\u00f3 16.30 hores \u2013 RETARDS GENERALITZATS I TRAMS TALLATS"},"content":{"rendered":"<p>Servei 23 d\u2019octubre \u2013 Actualitzaci\u00f3 16.30 hores \u2013 RETARDS GENERALITZATS I TRAMS TALLATS<br \/>\nA causa del fort temporal s\u2019estan produint talls a diversos trams de la xarxa ferrovi\u00e0ria. A m\u00e9s de les interrupcions que a continuaci\u00f3 detallarem el servei de Rodalies circular\u00e0 amb retards importants a l\u2019\u00e0mbit de rodalia de Barcelona degut a les condicions meteorol\u00f2giques adverses.<\/p>\n<p><strong><em>Novetats respecte 14.15 hores<\/em><\/strong><\/p>\n<p><strong>R16 L\u2019Hospitalet de l\u2019Infant \u2013 Salou<\/strong><br \/>\nA les 16.05 hores es recupera el servei entre L\u2019Hospitalet de l\u2019Infant i Salou el que permet restablir el tr\u00e0nsit de trens dels Regionals de la l\u00ednia R16 i serveis de Llarga Dist\u00e0ncia del Corredor Mediterrani.<\/p>\n<p><strong>R15 M\u00f3ra &#8211; Reus <\/strong>Restablert<\/p>\n<p><strong>R1 Calella \u2013 Ma\u00e7anet <\/strong>Es normalitza circulaci\u00f3 ferrovi\u00e0ria fins Ma\u00e7anet<\/p>\n<p><strong>MATEIXA SITUACI\u00d3<\/strong><\/p>\n<p><strong>R12 Bell-lloc-Mollerussa<\/strong><br \/>\nInterrompuda per acumulaci\u00f3 d\u2019aigua a la zona de vies. Afecta trens R12. Servei alternatiu per carretera entre Lleida i Calaf<\/p>\n<p><strong>R13-R14 Lleida \u2013 Tarragona \/ Lleida \u2013 Sant Vicen\u00e7 de Calders<\/strong><br \/>\nSense servei de trens a les l\u00ednies R13 i R14 per importants danys causats a la via. Entre Vinaixa i Riu Milans va descarrilar una locomotora de l\u2019empresa CAPTRAIN<\/p>\n<p><strong>R1 Vilassar \u2013 Matar\u00f3<\/strong><br \/>\nA causa del fort onatge es circula en via \u00fanica en aquest trajecte.<\/p>\n<p><strong>Perpignan \u2013 Figueres Vilafant<\/strong><br \/>\nPer inundacions a la zona de Perpignan els serveis internacionals no presten servei DURANT TOT EL DIA D\u2019AVUI. Es presta servei fins a Figueres pels viatgers de Figueres i Girona. Resta de serveis d\u2019Alta Velocitat es presten amb normalitat<\/p>\n<p>Renfe est\u00e0 informant a trav\u00e9s tots els seus canals de comunicaci\u00f3 de l\u2019evoluci\u00f3 del servei<\/p>\n<p>A mesura que s\u2019inici\u00ef el servei anirem actualitzant la informaci\u00f3.<\/p>\n","protected":false},"excerpt":{"rendered":"<p>Servei 23 d\u2019octubre \u2013 Actualitzaci\u00f3 16.30 hores \u2013 RETARDS GENERALITZATS I TRAMS TALLATS A causa del fort temporal s\u2019estan produint<\/p>\n","protected":false},"author":4,"featured_media":0,"comment_status":"closed","ping_status":"open","sticky":false,"template":"","format":"standard","meta":{"footnotes":""},"categories":[],"tags":[17,36,551,42,310,45,72,583,44,472],"class_list":["post-28817","post","type-post","status-publish","format-standard","hentry","tag-afectacions-e-incidencies","tag-catalunya","tag-interrupcio-del-servei","tag-llarga-distancia-larga-distancia","tag-perpignan","tag-regionals-media-distancia","tag-renfe-operadora","tag-restabliment-del-servei","tag-rodalies-cercanias","tag-sncf","comments-off"],"_links":{"self":[{"href":"https:\/\/www.agrupament.cat\/portal\/wp-json\/wp\/v2\/posts\/28817","targetHints":{"allow":["GET"]}}],"collection":[{"href":"https:\/\/www.agrupament.cat\/portal\/wp-json\/wp\/v2\/posts"}],"about":[{"href":"https:\/\/www.agrupament.cat\/portal\/wp-json\/wp\/v2\/types\/post"}],"author":[{"embeddable":true,"href":"https:\/\/www.agrupament.cat\/portal\/wp-json\/wp\/v2\/users\/4"}],"replies":[{"embeddable":true,"href":"https:\/\/www.agrupament.cat\/portal\/wp-json\/wp\/v2\/comments?post=28817"}],"version-history":[{"count":1,"href":"https:\/\/www.agrupament.cat\/portal\/wp-json\/wp\/v2\/posts\/28817\/revisions"}],"predecessor-version":[{"id":28818,"href":"https:\/\/www.agrupament.cat\/portal\/wp-json\/wp\/v2\/posts\/28817\/revisions\/28818"}],"wp:attachment":[{"href":"https:\/\/www.agrupament.cat\/portal\/wp-json\/wp\/v2\/media?parent=28817"}],"wp:term":[{"taxonomy":"category","embeddable":true,"href":"https:\/\/www.agrupament.cat\/portal\/wp-json\/wp\/v2\/categories?post=28817"},{"taxonomy":"post_tag","embeddable":true,"href":"https:\/\/www.agrupament.cat\/portal\/wp-json\/wp\/v2\/tags?post=28817"}],"curies":[{"name":"wp","href":"https:\/\/api.w.org\/{rel}","templated":true}]}}