{"id":28812,"date":"2019-10-23T21:12:58","date_gmt":"2019-10-23T20:12:58","guid":{"rendered":"http:\/\/www.agrupament.cat\/portal\/?p=28812"},"modified":"2019-10-23T21:12:58","modified_gmt":"2019-10-23T20:12:58","slug":"celebracion-del-dia-del-tren-en-los-museos-de-la-fundacion-de-los-ferrocarriles-espanoles","status":"publish","type":"post","link":"https:\/\/www.agrupament.cat\/portal\/2019\/10\/celebracion-del-dia-del-tren-en-los-museos-de-la-fundacion-de-los-ferrocarriles-espanoles\/","title":{"rendered":"Celebraci\u00f3n del \u201cD\u00eda del Tren\u201d en los museos de la Fundaci\u00f3n de los Ferrocarriles Espa\u00f1oles"},"content":{"rendered":"<p><strong>\u00b7 Jornada de puertas abiertas en los museos del Ferrocarril de Madrid y Catalu\u00f1a<\/strong><br \/>\n<strong>\u00b7 Actividades para todos los p\u00fablicos con el tren como protagonista, en el 171 aniversario del primer ferrocarril peninsular<\/strong><\/p>\n<p>El 28 de octubre de 1848 se inaugur\u00f3 el primer ferrocarril de la Pen\u00ednsula, la l\u00ednea Barcelona-Matar\u00f3, con casi 30 km de longitud. No fue este el primer ferrocarril espa\u00f1ol, pues ya en 1837 se hab\u00eda puesto en marcha el tramo La Habana-G\u00fcines en la isla de Cuba, que pertenec\u00eda por entonces a la corona espa\u00f1ola, pero s\u00ed fue la primera l\u00ednea en suelo peninsular.<\/p>\n<p>En la fecha del 28 de octubre o el s\u00e1bado m\u00e1s pr\u00f3ximo a ese d\u00eda se celebra todos los a\u00f1os en los museos de la Fundaci\u00f3n de los Ferrocarriles Espa\u00f1oles una jornada especial con un programa de actividades muy variado que siempre aporta novedades y convierte el aniversario en una fiesta del tren para disfrutar en familia.<\/p>\n<p><strong>Museo del Ferrocarril de Madrid<\/strong><br \/>\nEl Museo organiza una jornada de puertas abiertas el s\u00e1bado 26 de octubre de 10 a 20 h para celebrar este \u201cD\u00eda del Tren\u201d. Los visitantes podr\u00e1n participar de manera gratuita en las actividades que se enumeran a continuaci\u00f3n. Para las visitas guiadas y los talleres familiares ser\u00e1 necesario reservar previamente en taquilla o punto de informaci\u00f3n:<br \/>\n\u00b7 Exposiciones de m\u00f3dulos ferroviarios: Asociaci\u00f3n de Amigos del Ferrocarril de Madrid, en el and\u00e9n 1, y Asociaci\u00f3n Modular de Forotrenes, en el and\u00e9n 2.<br \/>\n\u00b7 Visitas guiadas a veh\u00edculos y elementos expositivos de la Nave Central de la estaci\u00f3n y las v\u00edas exteriores, en colaboraci\u00f3n con el equipo de voluntarios culturales del Museo del Ferrocarril de Madrid. Reserva previa en taquilla o punto de informaci\u00f3n (m\u00e1ximo 20 personas por pase).<br \/>\n\u00b7 Automotor TER 597-010-8, de 1965<br \/>\n\u00b7 Locomotora el\u00e9ctrica trif\u00e1sica n\u00ba 3, de 1907<br \/>\n\u00b7 Locomotora de vapor 141-F-2416, de 1960<br \/>\n\u00b7 Locomotora di\u00e9sel 306-001-9 \u201cTaurus\u201d (Yorkshire Engine Company, Gran Breta\u00f1a), de 1962)\u00b7<br \/>\n\u00b7 Enclavamiento hidr\u00e1ulico de Algodor<br \/>\n\u00b7 Coche Sal\u00f3n ZZ-1102, de 1929. Visita guiada a cargo de la Asociaci\u00f3n para la Restauraci\u00f3n del Material Ferroviario (AREMAF), v\u00eda 2.<br \/>\n\u00b7 \u201cDescubriendo la estaci\u00f3n\u201d, Recorrido por el edificio de la estaci\u00f3n de Madrid-Delicias y por sus instalaciones anexas. Horario: 11, 12:30, 16:30 y 18 h (m\u00e1ximo 20 personas por pase).<br \/>\n\u00b7 \u201c\u00a1Felicidades Ferrocarril!\u201d, talleres familiares a cargo del equipo de Educaci\u00f3n y Did\u00e1ctica del Museo. Horario de los pases: 11, 12, 13, 17 y 18 h.<br \/>\n\u00b7 Viajes a bordo del automotor 9121 \u201cZaragoza\u201d (v\u00eda 4), a cargo de la Asociaci\u00f3n para la Restauraci\u00f3n del Material Ferroviario (AREMAF).\u00a0 Horario: 11 a 14 h y 16 a 18:45 h.<br \/>\n\u00b7 Circulaciones de trenes de jard\u00edn del parque \u201cFerrocarril de las Delicias\u201d, gestionado por el C\u00edrculo Madrile\u00f1o Ferroviario (CIMAF). Desde las 11 h, en horario de ma\u00f1ana y tarde<br \/>\n\u00b7 Exposici\u00f3n de acuarelas de Manuel Alcedo (visita explicativa de las obras por el autor). Hasta las 14 h. en el coche &#8220;Sala de Arte 3.000&#8221;. La exposici\u00f3n se mantendr\u00e1 abierta al p\u00fablico durante toda la jornada.<br \/>\n\u00b7 Presentaci\u00f3n del libro Las 250 estaciones espa\u00f1olas con ancho ib\u00e9rico m\u00e1s importantes, de Josep Calvera y Juan Carlos Casas (Sala de consulta de la Biblioteca Ferroviaria), 11:30 h.<br \/>\n\u00b7 Presentaci\u00f3n del libro Huellas Malague\u00f1as de un Ferroviario: Emile Rennes 1868-1946, de Michel Rennes (Sala de consulta de la Biblioteca Ferroviaria), 12:30 h.<br \/>\n\u00b7 Presentaci\u00f3n del libro Diario de Cercan\u00edas, de Rafa Mora (Sala Mansarda), 19 h. Presentan: Patxi Andion, Isabel Ordaz, Juanlu Mora y Charo Fierro.<br \/>\n\u00b7 Llegada del Tren de la Fresa procedente de Aranjuez, 19:30 h en la playa de v\u00edas exteriores.<br \/>\n\u00b7 Concierto \u201cEncuentro en Oto\u00f1o\u201d del Coro de la Fundaci\u00f3n de los Ferrocarriles Espa\u00f1oles y la Sociedad Coral La Felguera \u201cMaestro Lozano\u201d. (Sala Arganzuela), 20 h.<br \/>\nMuseo del Ferrocarril de Madrid. <strong><span style=\"color: #000000;\"><a style=\"color: #000000;\" href=\"http:\/\/www.museodelferrocarril.org\">www.museodelferrocarril.org<\/a><\/span><\/strong><\/p>\n<p>El Museo del Ferrocarril de Madrid est\u00e1 ubicado en la antigua estaci\u00f3n de Delicias, que fue inaugurada en 1880 por los reyes Alfonso XII y M\u00aa Cristina y constituye uno de los ejemplos m\u00e1s significativos de la llamada \u201carquitectura del hierro\u201d del siglo XIX. Este edificio monumental es, desde 1984, sede del Museo y en \u00e9l se exhibe una de las colecciones de material hist\u00f3rico ferroviario m\u00e1s completas de Europa. Tambi\u00e9n proporciona un servicio de informaci\u00f3n y conservaci\u00f3n del patrimonio documental trav\u00e9s del Archivo Hist\u00f3rico Ferroviario, la Biblioteca y Hemeroteca, y el Centro de Documentaci\u00f3n.<\/p>\n<p><strong>Museo del Ferrocarril de Catalu\u00f1a<\/strong><br \/>\nEn este Museo, ubicado en el antiguo dep\u00f3sito de locomotoras de Vilanova i la Geltr\u00fa, se encuentra la \u00fanica r\u00e9plica existente de aquel primer tren que funcion\u00f3 el 28 de octubre de 1848 en la l\u00ednea Barcelona-Matar\u00f3. Con motivo del aniversario del ferrocarril, el Museo ha preparado tres d\u00edas de actividades conmemorativas, desde el s\u00e1bado 26 hasta el lunes 28 de octubre.<\/p>\n<p><strong>S\u00e1bado 26 de octubre<\/strong><br \/>\n\u00b7 Emprendedores del siglo XIX, Francesc Gum\u00e0 i V\u00edctor Balaguer. Visita combinada al Museo del Ferrocarril de Catalu\u00f1a y la Biblioteca Museo V\u00edctor Balaguer para descubrir la transformaci\u00f3n que vivi\u00f3 Vilanova i la Geltr\u00fa a finales del siglo XIX de la mano de Francesc Gum\u00e0 i Ferran, \u201cindiano\u201d promotor de la llegada del ferrocarril, y de V\u00edctor Balaguer, escritor y pol\u00edtico impulsor de la creaci\u00f3n de la Biblioteca Museo. La visita entrelaza las historias de ambos personajes en la modernizaci\u00f3n de la Vilanova contempor\u00e1nea. Plazas limitadas: 25 personas. 8\u20ac\/persona. Horario: 11:30 h. Para esta visita es necesaria reserva previa llamando al 669 288 220 (Olga) o enviando un correo electr\u00f3nico a info@arccultural.cat.<br \/>\n\u00b7 ConteTREN, explica de forma interactiva uno de los tres cuentos de la Colecci\u00f3n del Museo: \u201cV\u00edctor y los trenes del Museo\u201d, \u201cV\u00edctor y el huevo que se mueve\u201d o \u201cV\u00edctor y la peque\u00f1a Teresita\u201d. Un ni\u00f1o a quien los trenes le cuentan sus historias y que disfruta comparti\u00e9ndolas a su vez para que los m\u00e1s peque\u00f1os puedan conocer la vida en la \u201cLa Casa de los Trenes\u201d. De 12:30 a 13 h.<br \/>\n\u00b7 Visita al coche americano Harlan, de 1881, un veh\u00edculo \u00fanico y muy innovador que se trajo de EEUU para el servicio de viajeros de la l\u00ednea de Barcelona a Vilanova y Valls y que ha sido rehabilitado durante 8 a\u00f1os por la Asociaci\u00f3n de Socis i Col\u00b7laboradors del Museu (SiC). De 16:30 a 18 h.<\/p>\n<p><strong>Domingo 27 de octubre (precio \u00fanico s\u00faper reducido de 3\u20ac)<\/strong><br \/>\n\u00b7 Vapor en vivo, una posibilidad de ver en movimiento la \u00fanica r\u00e9plica que existe de la primera locomotora de vapor que circul\u00f3 en la Pen\u00ednsula entre Barcelona y Matar\u00f3. De este modo se podr\u00e1 conocer de primera mano c\u00f3mo eran los primeros oficios ferroviarios y realizar un recorrido en el interior de la cabina de conducci\u00f3n de la \u201cMatar\u00f3\u201d acompa\u00f1ados por el maquinista y el fogonero. 11:30 a 13:30 h.<br \/>\n\u00b7 El Huevo ya se mueve, una dresina de v\u00edas y obras, conocida como \u201cEl Huevo\u201d por su forma redondeada, permite a los visitantes experimentar la magia del viaje en tren por la v\u00eda de contorno del Museo. Es un veh\u00edculo hist\u00f3rico, fabricado artesanalmente en 1940 por los trabajadores del ferrocarril, que protagoniza, adem\u00e1s, uno de los cuentos de la Colecci\u00f3n del Museo. 11:30 a 13:30 h.<br \/>\n\u00b7 Visitas especiales a la \u201cGran Nau\u201d, de 1881. Construida en los or\u00edgenes de la l\u00ednea de Barcelona a Vilanova y Valls, ha sido rehabilitada con los fondos del 1,5% cultural del Ministerio de Fomento. Es un espacio en proceso de intervenci\u00f3n museogr\u00e1fica, donde actualmente est\u00e1 ubicada una composici\u00f3n del Talgo II (restaurada este verano), primer tren Talgo que circul\u00f3 en nuestro pa\u00eds. 12 a 14 h.<\/p>\n<p><strong>Lunes 28 de octubre<\/strong><br \/>\nEl aniversario de la inauguraci\u00f3n de la l\u00ednea Barcelona-Matar\u00f3 se conmemora en Vilanova con una jornada de puertas abiertas de 10:30 a 14:30 h y de 16 a 19:30 h.<br \/>\n\u00b7 Visitas especiales a la \u201cGran Nau\u201d, de 1881. De 12 a 14 h.<br \/>\nLa directora del Museo realizar\u00e1 una visita especial para dar a conocer las obras de remodelaci\u00f3n programadas. 18 h.<br \/>\n\u00b7 Concierto a cargo del grupo vocal The Singirls en la Nave del Puente Gr\u00faa. 19:30 h.<br \/>\nMuseo del Ferrocarril de Catalu\u00f1a. <strong><span style=\"color: #000000;\"><a style=\"color: #000000;\" href=\"http:\/\/www.museudelferrocarril.org\">www.museudelferrocarril.org<\/a><\/span><\/strong><\/p>\n<p>El Museo del Ferrocarril de Catalu\u00f1a, en Vilanova i la Geltr\u00fa, tiene su sede en uno de los pocos dep\u00f3sitos de locomotoras de vapor de finales del siglo XIX que hoy se conservan, y donde se exhibe una colecci\u00f3n de m\u00e1s de sesenta veh\u00edculos de todas las \u00e9pocas, tecnolog\u00edas y pa\u00edses. Destacan 28 locomotoras de vapor, pero tambi\u00e9n hay coches de viajeros, m\u00e1quinas di\u00e9sel o el\u00e9ctricas y otros veh\u00edculos curiosos.<\/p>\n","protected":false},"excerpt":{"rendered":"<p>\u00b7 Jornada de puertas abiertas en los museos del Ferrocarril de Madrid y Catalu\u00f1a \u00b7 Actividades para todos los p\u00fablicos<\/p>\n","protected":false},"author":4,"featured_media":0,"comment_status":"closed","ping_status":"open","sticky":false,"template":"","format":"standard","meta":{"footnotes":""},"categories":[],"tags":[25,93,84,224,154,155],"class_list":["post-28812","post","type-post","status-publish","format-standard","hentry","tag-actes-congrtesosi-exposicions-fires-i-formacio","tag-ffe-fundacion-ferrocarriles-espanoles","tag-madrid","tag-museo-del-ferrocarril-de-madrid-delicias","tag-museu-del-ferrocarril-de-catalunya","tag-vilanova-i-la-geltru","comments-off"],"_links":{"self":[{"href":"https:\/\/www.agrupament.cat\/portal\/wp-json\/wp\/v2\/posts\/28812","targetHints":{"allow":["GET"]}}],"collection":[{"href":"https:\/\/www.agrupament.cat\/portal\/wp-json\/wp\/v2\/posts"}],"about":[{"href":"https:\/\/www.agrupament.cat\/portal\/wp-json\/wp\/v2\/types\/post"}],"author":[{"embeddable":true,"href":"https:\/\/www.agrupament.cat\/portal\/wp-json\/wp\/v2\/users\/4"}],"replies":[{"embeddable":true,"href":"https:\/\/www.agrupament.cat\/portal\/wp-json\/wp\/v2\/comments?post=28812"}],"version-history":[{"count":2,"href":"https:\/\/www.agrupament.cat\/portal\/wp-json\/wp\/v2\/posts\/28812\/revisions"}],"predecessor-version":[{"id":28814,"href":"https:\/\/www.agrupament.cat\/portal\/wp-json\/wp\/v2\/posts\/28812\/revisions\/28814"}],"wp:attachment":[{"href":"https:\/\/www.agrupament.cat\/portal\/wp-json\/wp\/v2\/media?parent=28812"}],"wp:term":[{"taxonomy":"category","embeddable":true,"href":"https:\/\/www.agrupament.cat\/portal\/wp-json\/wp\/v2\/categories?post=28812"},{"taxonomy":"post_tag","embeddable":true,"href":"https:\/\/www.agrupament.cat\/portal\/wp-json\/wp\/v2\/tags?post=28812"}],"curies":[{"name":"wp","href":"https:\/\/api.w.org\/{rel}","templated":true}]}}