{"id":28788,"date":"2019-10-19T21:00:46","date_gmt":"2019-10-19T20:00:46","guid":{"rendered":"http:\/\/www.agrupament.cat\/portal\/?p=28788"},"modified":"2019-10-21T10:00:21","modified_gmt":"2019-10-21T09:00:21","slug":"conflicitivitat-laboral-personal-intervencio-sncf","status":"publish","type":"post","link":"https:\/\/www.agrupament.cat\/portal\/2019\/10\/conflicitivitat-laboral-personal-intervencio-sncf\/","title":{"rendered":"Conflicitivitat laboral personal Intervenci\u00f3 SNCF"},"content":{"rendered":"<p>19 d\u2019oct. 2019.- Per conflictivitat laboral del personal d&#8217;intervenci\u00f3 de SNCF, a partir d\u2019avui no es pot garantir la prestaci\u00f3 dels serveis que enllacen amb Fran\u00e7a.<\/p>\n<p>Es recomana als viatgers q consultin en web www.renfe-scnf.com si el seu tren est\u00e0 afectat. A l&#8217;estaci\u00f3 de Sants es refor\u00e7ar\u00e0 el personal d&#8217;atenci\u00f3 al client.<\/p>\n<p>Els serveis fins a Figueres queden garantits amb material Ave de Renfe.<\/p>\n<p>M\u00e9s informaci\u00f3: <strong><span style=\"color: #0000ff;\"><a style=\"color: #0000ff;\" href=\"https:\/\/www.renfe-sncf.com\/fr-fr\/Pages\/Home.aspx#\">www.renfe-sncf.com<\/a><\/span><\/strong><\/p>\n","protected":false},"excerpt":{"rendered":"<p>19 d\u2019oct. 2019.- Per conflictivitat laboral del personal d&#8217;intervenci\u00f3 de SNCF, a partir d\u2019avui no es pot garantir la prestaci\u00f3<\/p>\n","protected":false},"author":4,"featured_media":0,"comment_status":"closed","ping_status":"open","sticky":false,"template":"","format":"standard","meta":{"footnotes":""},"categories":[],"tags":[103,509,472,58],"class_list":["post-28788","post","type-post","status-publish","format-standard","hentry","tag-francia","tag-renfe-sncf-en-cooperacion-en-cooperation","tag-sncf","tag-vagas-huelgas","comments-off"],"_links":{"self":[{"href":"https:\/\/www.agrupament.cat\/portal\/wp-json\/wp\/v2\/posts\/28788","targetHints":{"allow":["GET"]}}],"collection":[{"href":"https:\/\/www.agrupament.cat\/portal\/wp-json\/wp\/v2\/posts"}],"about":[{"href":"https:\/\/www.agrupament.cat\/portal\/wp-json\/wp\/v2\/types\/post"}],"author":[{"embeddable":true,"href":"https:\/\/www.agrupament.cat\/portal\/wp-json\/wp\/v2\/users\/4"}],"replies":[{"embeddable":true,"href":"https:\/\/www.agrupament.cat\/portal\/wp-json\/wp\/v2\/comments?post=28788"}],"version-history":[{"count":1,"href":"https:\/\/www.agrupament.cat\/portal\/wp-json\/wp\/v2\/posts\/28788\/revisions"}],"predecessor-version":[{"id":28789,"href":"https:\/\/www.agrupament.cat\/portal\/wp-json\/wp\/v2\/posts\/28788\/revisions\/28789"}],"wp:attachment":[{"href":"https:\/\/www.agrupament.cat\/portal\/wp-json\/wp\/v2\/media?parent=28788"}],"wp:term":[{"taxonomy":"category","embeddable":true,"href":"https:\/\/www.agrupament.cat\/portal\/wp-json\/wp\/v2\/categories?post=28788"},{"taxonomy":"post_tag","embeddable":true,"href":"https:\/\/www.agrupament.cat\/portal\/wp-json\/wp\/v2\/tags?post=28788"}],"curies":[{"name":"wp","href":"https:\/\/api.w.org\/{rel}","templated":true}]}}