{"id":28768,"date":"2019-10-17T18:03:14","date_gmt":"2019-10-17T17:03:14","guid":{"rendered":"http:\/\/www.agrupament.cat\/portal\/?p=28768"},"modified":"2019-10-17T18:03:14","modified_gmt":"2019-10-17T17:03:14","slug":"adif-licita-por-mas-de-12-me-el-mantenimiento-integral-de-las-escaleras-y-rampas-mecanicas-de-las-estaciones","status":"publish","type":"post","link":"https:\/\/www.agrupament.cat\/portal\/2019\/10\/adif-licita-por-mas-de-12-me-el-mantenimiento-integral-de-las-escaleras-y-rampas-mecanicas-de-las-estaciones\/","title":{"rendered":"Adif licita por m\u00e1s de 12 M\u20ac el mantenimiento integral de las escaleras y rampas mec\u00e1nicas de las estaciones"},"content":{"rendered":"<p>Por un plazo de 48 meses<br \/>\n<strong>\u2022 El objeto del contrato incluye la realizaci\u00f3n de los trabajos y reparaciones necesarios para optimizar la disponibilidad de las instalaciones y asegurar los niveles de calidad<\/strong><br \/>\n<strong>\u2022 La prestaci\u00f3n del servicio se efectuar\u00e1 en 355 equipos de 39 estaciones<\/strong><\/p>\n<p>17\/10\/2019. Adif ha licitado el contrato de mantenimiento integral de las escaleras y rampas mec\u00e1nicas instaladas en las estaciones de viajeros de Adif y Adif Alta Velocidad. El importe de la licitaci\u00f3n asciende a 12.046.368,93\u20ac (IVA incluido) y el plazo de ejecuci\u00f3n del contrato es de 48 meses.<\/p>\n<p>El objeto del contrato incluye la realizaci\u00f3n de los trabajos programados y reparaciones necesarias para optimizar la disponibilidad de los equipos y asegurar el cumplimiento de los niveles de calidad, con el objetivo de maximizar la operatividad y el funcionamiento continuado de los equipos instalados. La prestaci\u00f3n del servicio se efectuar\u00e1 en un total de 39 estaciones, alcanzando a 355 equipos.<\/p>\n<p>Los trabajos incluyen el mantenimiento preventivo y correctivo, la sustituci\u00f3n de repuestos y la adaptaci\u00f3n de los equipos para mejorar su eficiencia y seguridad cuando sea necesario, as\u00ed como trabajos de gran reparaci\u00f3n en ciertos equipos de mayor antig\u00fcedad para mejorar su fiabilidad y ampliar su vida \u00fatil.<\/p>\n<p>Las estaciones afectadas por esta licitaci\u00f3n se encuentran distribuidas por todo el territorio nacional y se han agrupado en seis lotes diferentes, de acuerdo a la organizaci\u00f3n territorial de la Direcci\u00f3n de Estaciones de Viajeros, de la siguiente forma:<br \/>\n&#8211; Lote 1. Subdirecci\u00f3n de Estaciones Centro. Con un importe de licitaci\u00f3n de 3.984.136,17\u20ac (IVA incluido).<br \/>\n&#8211; Lote 2. Subdirecci\u00f3n de Estaciones Este. Con un importe de licitaci\u00f3n de 1.487.470,09\u20ac (IVA incluido).<br \/>\n&#8211; Lote 3. Subdirecci\u00f3n de Estaciones Noreste. Con un importe de licitaci\u00f3n de 2.244.763\u20ac.<br \/>\n&#8211; Lote 4. Subdirecci\u00f3n de Estaciones Noroeste. Con un importe de licitaci\u00f3n de 576.309,50\u20ac.<br \/>\n&#8211; Lote 5. Subdirecci\u00f3n de Estaciones Norte. Con un importe de licitaci\u00f3n de 527.376,47\u20ac.<br \/>\n&#8211; Lote 6. Subdirecci\u00f3n de Estaciones Sur. Con un importe de licitaci\u00f3n de 3.226.313,70\u20ac.<\/p>\n","protected":false},"excerpt":{"rendered":"<p>Por un plazo de 48 meses \u2022 El objeto del contrato incluye la realizaci\u00f3n de los trabajos y reparaciones necesarios<\/p>\n","protected":false},"author":4,"featured_media":0,"comment_status":"closed","ping_status":"open","sticky":false,"template":"","format":"standard","meta":{"footnotes":""},"categories":[],"tags":[71,37,43,19],"class_list":["post-28768","post","type-post","status-publish","format-standard","hentry","tag-adif","tag-espana","tag-estacions","tag-infraestructures","comments-off"],"_links":{"self":[{"href":"https:\/\/www.agrupament.cat\/portal\/wp-json\/wp\/v2\/posts\/28768","targetHints":{"allow":["GET"]}}],"collection":[{"href":"https:\/\/www.agrupament.cat\/portal\/wp-json\/wp\/v2\/posts"}],"about":[{"href":"https:\/\/www.agrupament.cat\/portal\/wp-json\/wp\/v2\/types\/post"}],"author":[{"embeddable":true,"href":"https:\/\/www.agrupament.cat\/portal\/wp-json\/wp\/v2\/users\/4"}],"replies":[{"embeddable":true,"href":"https:\/\/www.agrupament.cat\/portal\/wp-json\/wp\/v2\/comments?post=28768"}],"version-history":[{"count":1,"href":"https:\/\/www.agrupament.cat\/portal\/wp-json\/wp\/v2\/posts\/28768\/revisions"}],"predecessor-version":[{"id":28769,"href":"https:\/\/www.agrupament.cat\/portal\/wp-json\/wp\/v2\/posts\/28768\/revisions\/28769"}],"wp:attachment":[{"href":"https:\/\/www.agrupament.cat\/portal\/wp-json\/wp\/v2\/media?parent=28768"}],"wp:term":[{"taxonomy":"category","embeddable":true,"href":"https:\/\/www.agrupament.cat\/portal\/wp-json\/wp\/v2\/categories?post=28768"},{"taxonomy":"post_tag","embeddable":true,"href":"https:\/\/www.agrupament.cat\/portal\/wp-json\/wp\/v2\/tags?post=28768"}],"curies":[{"name":"wp","href":"https:\/\/api.w.org\/{rel}","templated":true}]}}