{"id":28761,"date":"2019-10-17T17:56:35","date_gmt":"2019-10-17T16:56:35","guid":{"rendered":"http:\/\/www.agrupament.cat\/portal\/?p=28761"},"modified":"2019-10-17T17:56:35","modified_gmt":"2019-10-17T16:56:35","slug":"adif-normaliza-completamente-el-trafico-ferroviario-desde-valencia-hacia-albacete-y-alicante","status":"publish","type":"post","link":"https:\/\/www.agrupament.cat\/portal\/2019\/10\/adif-normaliza-completamente-el-trafico-ferroviario-desde-valencia-hacia-albacete-y-alicante\/","title":{"rendered":"Adif normaliza completamente el tr\u00e1fico ferroviario desde Valencia hacia Albacete y Alicante"},"content":{"rendered":"<p>Restablecida la circulaci\u00f3n por la segunda v\u00eda en el trayecto La Font de la Figuera &#8211; La Encina<br \/>\n<strong>\u2022 Gracias al intenso despliegue t\u00e9cnico y humano llevado a cabo por Adif, las labores de reposici\u00f3n de la infraestructura se han finalizado tres d\u00edas antes de la fecha inicialmente prevista<\/strong><\/p>\n<p>17\/10\/2019. Adif ha normalizado completamente a primera hora de la tarde de hoy el tr\u00e1fico ferroviario en ancho convencional desde Valencia hacia Albacete por el Corredor de Levante y hacia Alicante\/Murcia por el Corredor Mediterr\u00e1neo y ha restablecido la circulaci\u00f3n por la segunda v\u00eda en el trayecto La Font de la Figuera-La Encina, una vez reparados los graves da\u00f1os provocados por el temporal del pasado mes de septiembre.<\/p>\n<p>Despu\u00e9s de que el pasado 7 de octubre se reabri\u00f3 al tr\u00e1fico una de las dos v\u00edas en este tramo, Adif ha seguido centrando sus esfuerzos en las labores de reposici\u00f3n de la plataforma, la infraestructura y las instalaciones ferroviarias en la otra v\u00eda general.<\/p>\n<p>Gracias al intenso despliegue t\u00e9cnico y humano llevado a cabo, se han finalizado las operaciones necesarias para la reapertura del tr\u00e1fico en esta segunda v\u00eda tres d\u00edas antes de la fecha inicial, prevista para el pr\u00f3ximo domingo, d\u00eda 20 de octubre.<\/p>\n<p>De forma paralela, los equipos de mantenimiento de Adif contin\u00faan trabajando para restablecer la circulaci\u00f3n en el menor plazo posible en el resto de los tramos que a\u00fan permanecen interrumpidos por los serios da\u00f1os causados por el temporal. Concretamente, son los trayectos de ancho convencional Lorca-\u00c1guilas y de ancho m\u00e9trico El Estrecho-Los Nietos, ambos en la Regi\u00f3n de Murcia. La previsi\u00f3n es normalizar el tr\u00e1fico en los dos tramos antes de finales de octubre.<\/p>\n","protected":false},"excerpt":{"rendered":"<p>Restablecida la circulaci\u00f3n por la segunda v\u00eda en el trayecto La Font de la Figuera &#8211; La Encina \u2022 Gracias<\/p>\n","protected":false},"author":4,"featured_media":0,"comment_status":"closed","ping_status":"open","sticky":false,"template":"","format":"standard","meta":{"footnotes":""},"categories":[],"tags":[71,438,268,19,583,137],"class_list":["post-28761","post","type-post","status-publish","format-standard","hentry","tag-adif","tag-albacete","tag-alicante","tag-infraestructures","tag-restabliment-del-servei","tag-valencia","comments-off"],"_links":{"self":[{"href":"https:\/\/www.agrupament.cat\/portal\/wp-json\/wp\/v2\/posts\/28761","targetHints":{"allow":["GET"]}}],"collection":[{"href":"https:\/\/www.agrupament.cat\/portal\/wp-json\/wp\/v2\/posts"}],"about":[{"href":"https:\/\/www.agrupament.cat\/portal\/wp-json\/wp\/v2\/types\/post"}],"author":[{"embeddable":true,"href":"https:\/\/www.agrupament.cat\/portal\/wp-json\/wp\/v2\/users\/4"}],"replies":[{"embeddable":true,"href":"https:\/\/www.agrupament.cat\/portal\/wp-json\/wp\/v2\/comments?post=28761"}],"version-history":[{"count":1,"href":"https:\/\/www.agrupament.cat\/portal\/wp-json\/wp\/v2\/posts\/28761\/revisions"}],"predecessor-version":[{"id":28762,"href":"https:\/\/www.agrupament.cat\/portal\/wp-json\/wp\/v2\/posts\/28761\/revisions\/28762"}],"wp:attachment":[{"href":"https:\/\/www.agrupament.cat\/portal\/wp-json\/wp\/v2\/media?parent=28761"}],"wp:term":[{"taxonomy":"category","embeddable":true,"href":"https:\/\/www.agrupament.cat\/portal\/wp-json\/wp\/v2\/categories?post=28761"},{"taxonomy":"post_tag","embeddable":true,"href":"https:\/\/www.agrupament.cat\/portal\/wp-json\/wp\/v2\/tags?post=28761"}],"curies":[{"name":"wp","href":"https:\/\/api.w.org\/{rel}","templated":true}]}}