{"id":28708,"date":"2019-10-08T09:15:46","date_gmt":"2019-10-08T08:15:46","guid":{"rendered":"http:\/\/www.agrupament.cat\/portal\/?p=28708"},"modified":"2019-10-08T09:15:46","modified_gmt":"2019-10-08T08:15:46","slug":"adif-av-licita-un-nuevo-contrato-de-materiales-para-la-construccion-del-tramo-murcia-almeria-del-corredor-mediterraneo","status":"publish","type":"post","link":"https:\/\/www.agrupament.cat\/portal\/2019\/10\/adif-av-licita-un-nuevo-contrato-de-materiales-para-la-construccion-del-tramo-murcia-almeria-del-corredor-mediterraneo\/","title":{"rendered":"Adif AV licita un nuevo contrato de materiales para la construcci\u00f3n del tramo Murcia-Almer\u00eda del Corredor Mediterr\u00e1neo"},"content":{"rendered":"<p>Por importe superior a 18,7 M\u20ac (IVA incluido)<br \/>\n<strong>\u2022 El contrato contempla la adquisici\u00f3n de desv\u00edos para la nueva l\u00ednea de alta velocidad, de car\u00e1cter interoperable, tanto para v\u00eda sobre balasto como para v\u00eda en placa<\/strong><\/p>\n<p>07\/10\/2019. Adif Alta Velocidad ha licitado un nuevo contrato para la adquisici\u00f3n de materiales para la construcci\u00f3n del tramo de alta velocidad Murcia-Almer\u00eda del Corredor Mediterr\u00e1neo. En concreto, se ha licitado el suministro y transporte de desv\u00edos ferroviarios, que ser\u00e1n interoperables, con un presupuesto total de 18.742.452,15 euros (IVA incluido).<\/p>\n<p>El contrato se ha dividido en dos lotes, uno referido a desv\u00edos para v\u00eda en placa, por un importe de licitaci\u00f3n de 10.143.828,79 euros (IVA incluido); y el segundo, que comprende los desv\u00edos para v\u00eda en balasto, con un presupuesto de licitaci\u00f3n de 8.598.623,36 euros (IVA incluido).<\/p>\n<p>Las operaciones contempladas incluyen la fabricaci\u00f3n, premontaje y comprobaci\u00f3n en taller de estas instalaciones ferroviarias, el transporte a la traza y el premontaje completo.<\/p>\n<p>Tambi\u00e9n se incluye el asesoramiento durante las fases de traslado, colocaci\u00f3n en v\u00eda, nivelaci\u00f3n y alineaci\u00f3n y la realizaci\u00f3n de las operaciones finales de ajuste.<\/p>\n<p>Los desv\u00edos o cambios de aguja son aparatos de v\u00eda que permiten materializar la bifurcaci\u00f3n de una v\u00eda en dos o m\u00e1s, de forma que los ejes de las mismas sean tangentes en un punto; y constan de cambio, carriles de uni\u00f3n y cruzamientos simples.<\/p>\n<p><strong>Financiaci\u00f3n europea<\/strong><br \/>\nVa a ser cofinanciado por el Fondo Europeo de Desarrollo Regional (FEDER) a trav\u00e9s del P.O. Plurirregional de Espa\u00f1a 2014-2020, Objetivo Tem\u00e1tico 7: Transporte sostenible.<\/p>\n<p>\u201cUna manera de hacer Europa\u201d<\/p>\n","protected":false},"excerpt":{"rendered":"<p>Por importe superior a 18,7 M\u20ac (IVA incluido) \u2022 El contrato contempla la adquisici\u00f3n de desv\u00edos para la nueva l\u00ednea<\/p>\n","protected":false},"author":4,"featured_media":0,"comment_status":"closed","ping_status":"open","sticky":false,"template":"","format":"standard","meta":{"footnotes":""},"categories":[],"tags":[71,229,87,19,174],"class_list":["post-28708","post","type-post","status-publish","format-standard","hentry","tag-adif","tag-almeria","tag-corredor-del-mediterrani","tag-infraestructures","tag-murcia","comments-off"],"_links":{"self":[{"href":"https:\/\/www.agrupament.cat\/portal\/wp-json\/wp\/v2\/posts\/28708","targetHints":{"allow":["GET"]}}],"collection":[{"href":"https:\/\/www.agrupament.cat\/portal\/wp-json\/wp\/v2\/posts"}],"about":[{"href":"https:\/\/www.agrupament.cat\/portal\/wp-json\/wp\/v2\/types\/post"}],"author":[{"embeddable":true,"href":"https:\/\/www.agrupament.cat\/portal\/wp-json\/wp\/v2\/users\/4"}],"replies":[{"embeddable":true,"href":"https:\/\/www.agrupament.cat\/portal\/wp-json\/wp\/v2\/comments?post=28708"}],"version-history":[{"count":1,"href":"https:\/\/www.agrupament.cat\/portal\/wp-json\/wp\/v2\/posts\/28708\/revisions"}],"predecessor-version":[{"id":28709,"href":"https:\/\/www.agrupament.cat\/portal\/wp-json\/wp\/v2\/posts\/28708\/revisions\/28709"}],"wp:attachment":[{"href":"https:\/\/www.agrupament.cat\/portal\/wp-json\/wp\/v2\/media?parent=28708"}],"wp:term":[{"taxonomy":"category","embeddable":true,"href":"https:\/\/www.agrupament.cat\/portal\/wp-json\/wp\/v2\/categories?post=28708"},{"taxonomy":"post_tag","embeddable":true,"href":"https:\/\/www.agrupament.cat\/portal\/wp-json\/wp\/v2\/tags?post=28708"}],"curies":[{"name":"wp","href":"https:\/\/api.w.org\/{rel}","templated":true}]}}