{"id":28674,"date":"2019-10-05T08:00:34","date_gmt":"2019-10-05T07:00:34","guid":{"rendered":"http:\/\/www.agrupament.cat\/portal\/?p=28674"},"modified":"2019-10-06T01:39:47","modified_gmt":"2019-10-06T00:39:47","slug":"ricard-font-anuncia-tres-centres-dinterpretacio-material-mobil-renovat-i-el-web-amb-tot-el-patrimoni-historic-digitalitzat","status":"publish","type":"post","link":"https:\/\/www.agrupament.cat\/portal\/2019\/10\/ricard-font-anuncia-tres-centres-dinterpretacio-material-mobil-renovat-i-el-web-amb-tot-el-patrimoni-historic-digitalitzat\/","title":{"rendered":"Ricard Font anuncia tres centres d\u2019interpretaci\u00f3, material m\u00f2bil renovat i el web amb tot el patrimoni hist\u00f2ric digitalitzat"},"content":{"rendered":"<p><strong>\u00b7 El president d\u2019FGC ha clos la 8a Jornada de Patrimoni Hist\u00f2ric Ferroviari dedicada al 125\u00e8 aniversari de la l\u00ednia dels directes entre Barcelona i Madrid<\/strong><br \/>\n<strong>\u00b7 Font ha recordat l\u2019aposta d\u2019FGC per la divulgaci\u00f3 i digitalitzaci\u00f3 del patrimoni hist\u00f2ric i ha reivindicat la funci\u00f3 dels centres d\u2019interpretaci\u00f3<\/strong><\/p>\n<p>El president de Ferrocarrils de la Generalitat de Catalunya (FGC), Ricard Font, ha clos aquest divendres la 8a Jornada de Patrimoni Hist\u00f2ric centrada en el 125\u00e8 aniversari de la l\u00ednia dels directes entre Barcelona i Madrid, on ha recordat l\u2019aposta ferma d\u2019FGC per la divulgaci\u00f3 del patrimoni hist\u00f2ric, la seva digitalitzaci\u00f3 i el paper dels centres d\u2019interpretaci\u00f3 en aquesta tasca.<\/p>\n<p>Durant la seva intervenci\u00f3, el president d\u2019FGC ha destacat que la tasca de preservaci\u00f3 del patrimoni hist\u00f2ric ferroviari no nom\u00e9s s\u2019ha de mantenir, sin\u00f3 que \u201cs\u2019ha de posar en valor i millorar la seva funci\u00f3 social\u201d. En aquest sentit, Font ha destacat que un dels \u00e0mbits principals d\u2019actuaci\u00f3 de l\u2019Agenda Estrat\u00e8gica 10\/30 d\u2019FGC \u00e9s el patrimoni hist\u00f2ric: \u201cDurant els propers anys, continuarem conservant el patrimoni hist\u00f2ric d\u2019FGC i treballarem per apropar-lo al conjunt de la societat, condicionant i modernitzant diferents espais expositius i d\u2019interpretaci\u00f3. Actualment estem acabant la redacci\u00f3 del projecte de \u201cL\u2019espai de la via m\u00e8trica\u201d, una nau visitable a Martorell on exposarem els vehicles hist\u00f2rics de la l\u00ednia Llobregat-Anoia; aquest mes iniciarem les obres de \u201cLa cotxera de Rub\u00ed\u201d, on ampliarem l\u2019edifici existent davant de l\u2019antiga estaci\u00f3 i exposarem vehicles hist\u00f2rics de la l\u00ednia Barcelona-Vall\u00e8s; a la Pobla de Segur condicionarem \u201cEl moll de la Pobla\u201d, recuperant el moll de mercaderies, l\u2019hangar i l\u2019entorn immediat per condicionar-hi un espai expositiu\u201d. El president d\u2019FGC tamb\u00e9 ha afegit que \u201ctenim previst fer un pla de millora i posada en valor de 14 espais expositius que FGC t\u00e9 escampats per Calalunya\u201d.<\/p>\n<p>Pel que fa a la reparaci\u00f3 i la restauraci\u00f3 de vehicles, Font ha destacat que, a m\u00e9s de la restauraci\u00f3 i exposici\u00f3 de la cabina 2 de l\u2019antic aeri de Sant Jeroni de Montserrat a Monistrol i de la tornada al servei del funicular de Gelida rehabilitat, \u201cFGC est\u00e0 completant la rehabilitaci\u00f3 del tren 400 de la l\u00ednia BarcelonaVall\u00e8s, que es preveu finalitzar aquest mes i poder posar-lo en servei durant el primer trimestre de l\u2019any vinent. Tamb\u00e9 treballem per completar la rehabilitaci\u00f3 del tren de cotxes de fusta de la l\u00ednia Llobregat-Anoia\u201d.<\/p>\n<p>En relaci\u00f3 a l\u2019acc\u00e9s al patrimoni documental de la companyia, el president d\u2019FGC ha anunciat que \u201cs\u2019est\u00e0 treballant en la posada en marxa d\u2019un web del patrimoni d\u2019FGC per a la consulta en l\u00ednia i per facilitar l\u2019acc\u00e9s i la consulta del fons documental, que ser\u00e0 100% digitalitzat. Actualment estem treballant en la digitalitzaci\u00f3 dels documents hist\u00f2rics de les antigues companyies ferrovi\u00e0ries conservats per FGC amb la intenci\u00f3 de que els m\u00e9s destacats puguin ser consultables en aquest nou web\u201d.<\/p>\n<p>D&#8217;aquesta manera, Ferrocarrils mostra un cop m\u00e9s el seu comprom\u00eds amb la recuperaci\u00f3 de la mem\u00f2ria hist\u00f2rica del ferrocarril i la voluntat d&#8217;ampliar la informaci\u00f3 respecte al m\u00f3n del tren i la seva hist\u00f2ria, promovent l&#8217;estudi, la investigaci\u00f3, la divulgaci\u00f3 i la conservaci\u00f3 d&#8217;aquest tipus de material.<\/p>\n<p><strong>8a Jornada de Patrimoni Hist\u00f2ric<\/strong><br \/>\nA la jornada, organitzada per el Grup de Treball del Patrimoni Hist\u00f2ric Ferroviari de Catalunya, del qual forma part FGC, representants d\u2019importants institucions i associacions del m\u00f3n ferroviari han pronunciat diferents xerrades divulgatives i s\u2019han tractat diferents temes com les figures destacades de l\u2019emprenedoria ferrovi\u00e0ria del segle XIX a Catalunya, la hist\u00f2ria del dip\u00f2sit de locomotores de vapor de M\u00f3ra la Nova, l\u2019impacte del ferrocarril a la ciutat de Casp o la segona vida del tram Reus-Roda.<\/p>\n<p>A continuaci\u00f3 els assistents s\u2019han despla\u00e7at al Museu del Ferrocarril de M\u00f3ra la Nova per a con\u00e8ixer els aven\u00e7os del projecte del tren hist\u00f2ric tur\u00edstic \u201cLo Caspolino\u201d. El projecte, on hi treballen FGC i la Fundaci\u00f3 per a la Preservaci\u00f3 del Patrimoni Hist\u00f2ric Ferroviari i Industrial, permetr\u00e0 que aquest tren hist\u00f2ric torni a circular entre la Costa Daurada i Casp, passant per M\u00f3ra la Nova, i s\u2019integrar\u00e0 a l\u2019oferta de trens tur\u00edstics d\u2019FGC.<\/p>\n<p>El Grup de Treball de Patrimoni Hist\u00f2ric Ferroviari es va crear l\u2019any 2012 com a resultat de la I Jornada sobre Patrimoni Hist\u00f2ric Ferroviari i fins ara ha fet una important tasca de promoci\u00f3 i estudi en aquest \u00e0mbit. El conformen FGC, el Museu de la Ci\u00e8ncia i de la T\u00e8cnica de Catalunya, el Col\u00b7legi d&#8217;Enginyers Industrials de Catalunya, la Fundaci\u00f3 TMB, el Museu del Ferrocarril de Catalunya\/FFE, la Federaci\u00f3 Catalana d&#8217;Amics del Ferrocarril, la Fundaci\u00f3 per a la Preservaci\u00f3 del Patrimoni Ferroviari Industrial de M\u00f3ra la Nova i l\u2019Associaci\u00f3 Amics del Ferrocarril de Barcelona.<br \/>\n04 d\u2019octubre de 2019<\/p>\n","protected":false},"excerpt":{"rendered":"<p>\u00b7 El president d\u2019FGC ha clos la 8a Jornada de Patrimoni Hist\u00f2ric Ferroviari dedicada al 125\u00e8 aniversari de la l\u00ednia<\/p>\n","protected":false},"author":4,"featured_media":0,"comment_status":"closed","ping_status":"open","sticky":false,"template":"","format":"standard","meta":{"footnotes":""},"categories":[],"tags":[25,36,47,73,194,77],"class_list":["post-28674","post","type-post","status-publish","format-standard","hentry","tag-actes-congrtesosi-exposicions-fires-i-formacio","tag-catalunya","tag-fgc-ferrocarrils-de-la-generalitat-de-catalunya","tag-generalitat-de-catalunya-territori-i-sostenibilitat","tag-mora","tag-trens-turistics-e-historics","comments-off"],"_links":{"self":[{"href":"https:\/\/www.agrupament.cat\/portal\/wp-json\/wp\/v2\/posts\/28674","targetHints":{"allow":["GET"]}}],"collection":[{"href":"https:\/\/www.agrupament.cat\/portal\/wp-json\/wp\/v2\/posts"}],"about":[{"href":"https:\/\/www.agrupament.cat\/portal\/wp-json\/wp\/v2\/types\/post"}],"author":[{"embeddable":true,"href":"https:\/\/www.agrupament.cat\/portal\/wp-json\/wp\/v2\/users\/4"}],"replies":[{"embeddable":true,"href":"https:\/\/www.agrupament.cat\/portal\/wp-json\/wp\/v2\/comments?post=28674"}],"version-history":[{"count":1,"href":"https:\/\/www.agrupament.cat\/portal\/wp-json\/wp\/v2\/posts\/28674\/revisions"}],"predecessor-version":[{"id":28675,"href":"https:\/\/www.agrupament.cat\/portal\/wp-json\/wp\/v2\/posts\/28674\/revisions\/28675"}],"wp:attachment":[{"href":"https:\/\/www.agrupament.cat\/portal\/wp-json\/wp\/v2\/media?parent=28674"}],"wp:term":[{"taxonomy":"category","embeddable":true,"href":"https:\/\/www.agrupament.cat\/portal\/wp-json\/wp\/v2\/categories?post=28674"},{"taxonomy":"post_tag","embeddable":true,"href":"https:\/\/www.agrupament.cat\/portal\/wp-json\/wp\/v2\/tags?post=28674"}],"curies":[{"name":"wp","href":"https:\/\/api.w.org\/{rel}","templated":true}]}}