{"id":28631,"date":"2019-10-01T08:00:21","date_gmt":"2019-10-01T07:00:21","guid":{"rendered":"http:\/\/www.agrupament.cat\/portal\/?p=28631"},"modified":"2019-10-02T09:57:49","modified_gmt":"2019-10-02T08:57:49","slug":"estas-son-las-585-estaciones-de-tren-que-adif-considera-no-estrategicas","status":"publish","type":"post","link":"https:\/\/www.agrupament.cat\/portal\/2019\/10\/estas-son-las-585-estaciones-de-tren-que-adif-considera-no-estrategicas\/","title":{"rendered":"Estas son las 585 estaciones de tren que Adif considera no estrat\u00e9gicas"},"content":{"rendered":"<p><strong>La entidad p\u00fablica logra rebajar el volumen de informaci\u00f3n al mercado sobre sus instalaciones<\/strong><\/p>\n<p>J.F. MAGARI\u00d1O<br \/>\nMadrid 30 SEP 2019<br \/>\nCon una red de m\u00e1s de 15.000 kil\u00f3metros de v\u00edas que cosen Espa\u00f1a de arriba a abajo, entre ancho convencional y europeo, y 639 estaciones bajo su gesti\u00f3n, el grupo Adif ha puesto el cartel de estrat\u00e9gicas exclusivamente a 54 de estas \u00faltimas. Un reconocimiento con el que la empresa p\u00fablica ha conseguido rebajar el ingente volumen burocr\u00e1tico que supondr\u00eda informar al mercado, en el marco de la liberalizaci\u00f3n del transporte ferroviario de pasajeros, sobre las caracter\u00edsticas t\u00e9cnicas y servicios de cada una de las estaciones.<\/p>\n<p>M\u00e1s informaci\u00f3n: <a href=\"https:\/\/cincodias.elpais.com\/cincodias\/2019\/09\/27\/companias\/1569616726_965230.html\">el Pais\/ cinco dias<\/a><\/p>\n","protected":false},"excerpt":{"rendered":"<p>La entidad p\u00fablica logra rebajar el volumen de informaci\u00f3n al mercado sobre sus instalaciones J.F. MAGARI\u00d1O Madrid 30 SEP 2019<\/p>\n","protected":false},"author":4,"featured_media":0,"comment_status":"closed","ping_status":"open","sticky":false,"template":"","format":"standard","meta":{"footnotes":""},"categories":[],"tags":[71,17,37,43,26],"class_list":["post-28631","post","type-post","status-publish","format-standard","hentry","tag-adif","tag-afectacions-e-incidencies","tag-espana","tag-estacions","tag-publicacions-publicaciones-diris-diarios-revistes-revistas-llibres-libros-tv","comments-off"],"_links":{"self":[{"href":"https:\/\/www.agrupament.cat\/portal\/wp-json\/wp\/v2\/posts\/28631","targetHints":{"allow":["GET"]}}],"collection":[{"href":"https:\/\/www.agrupament.cat\/portal\/wp-json\/wp\/v2\/posts"}],"about":[{"href":"https:\/\/www.agrupament.cat\/portal\/wp-json\/wp\/v2\/types\/post"}],"author":[{"embeddable":true,"href":"https:\/\/www.agrupament.cat\/portal\/wp-json\/wp\/v2\/users\/4"}],"replies":[{"embeddable":true,"href":"https:\/\/www.agrupament.cat\/portal\/wp-json\/wp\/v2\/comments?post=28631"}],"version-history":[{"count":1,"href":"https:\/\/www.agrupament.cat\/portal\/wp-json\/wp\/v2\/posts\/28631\/revisions"}],"predecessor-version":[{"id":28632,"href":"https:\/\/www.agrupament.cat\/portal\/wp-json\/wp\/v2\/posts\/28631\/revisions\/28632"}],"wp:attachment":[{"href":"https:\/\/www.agrupament.cat\/portal\/wp-json\/wp\/v2\/media?parent=28631"}],"wp:term":[{"taxonomy":"category","embeddable":true,"href":"https:\/\/www.agrupament.cat\/portal\/wp-json\/wp\/v2\/categories?post=28631"},{"taxonomy":"post_tag","embeddable":true,"href":"https:\/\/www.agrupament.cat\/portal\/wp-json\/wp\/v2\/tags?post=28631"}],"curies":[{"name":"wp","href":"https:\/\/api.w.org\/{rel}","templated":true}]}}