{"id":28629,"date":"2019-10-01T08:00:33","date_gmt":"2019-10-01T07:00:33","guid":{"rendered":"http:\/\/www.agrupament.cat\/portal\/?p=28629"},"modified":"2019-10-02T09:53:58","modified_gmt":"2019-10-02T08:53:58","slug":"fusion-eurostar-y-thalys-asi-quieren-dominar-la-alta-velocidad-europea-los-ferrocarriles-franceses","status":"publish","type":"post","link":"https:\/\/www.agrupament.cat\/portal\/2019\/10\/fusion-eurostar-y-thalys-asi-quieren-dominar-la-alta-velocidad-europea-los-ferrocarriles-franceses\/","title":{"rendered":"Fusi\u00f3n Eurostar y Thalys: as\u00ed quieren dominar la alta velocidad europea los ferrocarriles franceses"},"content":{"rendered":"<p><strong>La SNCF pretende crear un gigante que sea la referencia de los viajes internacionales por ferrocarril en el continente.<\/strong><\/p>\n<p>30 septiembre, 2019<br \/>\nMiguel Elizondo<br \/>\n&#8220;Vamos a conectar el T\u00e1mesis con el Mar Mediterr\u00e1neo y el Mar del Norte con el Oc\u00e9ano Atl\u00e1ntico&#8221;. As\u00ed de contundentes se muestran desde la SNCF, el operador ferroviario p\u00fablico franc\u00e9s a la hora de esgrimir los planes que tienen para dominar la nueva era del transporte por ferrocarril de alta velocidad.<\/p>\n<p>La compa\u00f1\u00eda francesa ha anunciado su intenci\u00f3n de fusionar Eurostar y Thalys para crear GreenSpeed. Un proyecto que nace con un ambicioso objetivo: desbancar en trayectos europeos a l\u00edneas a\u00e9reas de bajo coste y autom\u00f3viles.<\/p>\n<p>M\u00e1s informaci\u00f3n: <strong><span style=\"color: #000000;\"><a style=\"color: #000000;\" href=\"https:\/\/www.elespanol.com\/economia\/empresas\/20190930\/fusion-eurostar-thalys-quieren-velocidad-ferrocarriles-franceses\/432956945_0.html\">El Espa\u00f1ol<\/a><\/span><\/strong><\/p>\n","protected":false},"excerpt":{"rendered":"<p>La SNCF pretende crear un gigante que sea la referencia de los viajes internacionales por ferrocarril en el continente. 30<\/p>\n","protected":false},"author":4,"featured_media":0,"comment_status":"closed","ping_status":"open","sticky":false,"template":"","format":"standard","meta":{"footnotes":""},"categories":[],"tags":[38,26,472],"class_list":["post-28629","post","type-post","status-publish","format-standard","hentry","tag-europa","tag-publicacions-publicaciones-diris-diarios-revistes-revistas-llibres-libros-tv","tag-sncf","comments-off"],"_links":{"self":[{"href":"https:\/\/www.agrupament.cat\/portal\/wp-json\/wp\/v2\/posts\/28629","targetHints":{"allow":["GET"]}}],"collection":[{"href":"https:\/\/www.agrupament.cat\/portal\/wp-json\/wp\/v2\/posts"}],"about":[{"href":"https:\/\/www.agrupament.cat\/portal\/wp-json\/wp\/v2\/types\/post"}],"author":[{"embeddable":true,"href":"https:\/\/www.agrupament.cat\/portal\/wp-json\/wp\/v2\/users\/4"}],"replies":[{"embeddable":true,"href":"https:\/\/www.agrupament.cat\/portal\/wp-json\/wp\/v2\/comments?post=28629"}],"version-history":[{"count":1,"href":"https:\/\/www.agrupament.cat\/portal\/wp-json\/wp\/v2\/posts\/28629\/revisions"}],"predecessor-version":[{"id":28630,"href":"https:\/\/www.agrupament.cat\/portal\/wp-json\/wp\/v2\/posts\/28629\/revisions\/28630"}],"wp:attachment":[{"href":"https:\/\/www.agrupament.cat\/portal\/wp-json\/wp\/v2\/media?parent=28629"}],"wp:term":[{"taxonomy":"category","embeddable":true,"href":"https:\/\/www.agrupament.cat\/portal\/wp-json\/wp\/v2\/categories?post=28629"},{"taxonomy":"post_tag","embeddable":true,"href":"https:\/\/www.agrupament.cat\/portal\/wp-json\/wp\/v2\/tags?post=28629"}],"curies":[{"name":"wp","href":"https:\/\/api.w.org\/{rel}","templated":true}]}}