{"id":28598,"date":"2019-08-31T11:51:03","date_gmt":"2019-08-31T10:51:03","guid":{"rendered":"http:\/\/www.agrupament.cat\/portal\/?p=28598"},"modified":"2019-08-31T11:52:48","modified_gmt":"2019-08-31T10:52:48","slug":"restabliment-del-servei-a-les-linies-2-i-5-del-metro-despres-dels-talls-parcials-realitzats-a-lagost-per-obres-de-millora","status":"publish","type":"post","link":"https:\/\/www.agrupament.cat\/portal\/2019\/08\/restabliment-del-servei-a-les-linies-2-i-5-del-metro-despres-dels-talls-parcials-realitzats-a-lagost-per-obres-de-millora\/","title":{"rendered":"Restabliment del servei a les l\u00ednies 2 i 5 del metro despr\u00e9s dels talls parcials realitzats a l&#8217;agost per obres de millora"},"content":{"rendered":"<p>30\/08\/2019<br \/>\n<strong>\u00b7 El tram Paral\u00b7lel &#8211; Sagrada Fam\u00edlia de l\u2019L2 recuperar\u00e0 la normalitat dem\u00e0 a les 5 del mat\u00ed, tal i com estava previst<\/strong><br \/>\n<strong>\u00b7 Les obres per a la futura estaci\u00f3 d\u2019Ernest Lluch de l\u2019L5 han comportat la interrupci\u00f3 del servei entre les estacions de Can Vidalet i Collblanc des del 29 de juliol i el servei es restablir\u00e0 dilluns vinent, 2 de setembre, a les 5 del mat\u00ed<\/strong><\/p>\n<p>El servei a les l\u00ednies 2 i 5 del metro es restablir\u00e0 a partir de dem\u00e0 i dilluns, respectivament, despr\u00e9s dels talls parcials efectuats aquest mes d\u2019agost per les actuacions de millora en la infraestructura que duu a terme el Departament de Territori i Sostenibilitat.<\/p>\n<p>Concretament, el servei a la l\u00ednia 2, entre Paral\u00b7lel i Sagrada Fam\u00edlia recuperar\u00e0 les freq\u00fc\u00e8ncies habituals a partir de dem\u00e0 dissabte, a les 5 del mat\u00ed. Aix\u00ed mateix, a la l\u00ednia 5, entre Can Vidalet i Collblanc, el servei tornar\u00e0 a ser l\u2019habitual a partir del proper dilluns, 2 de setembre, tamb\u00e9 a les 5 del mat\u00ed. En ambd\u00f3s casos, s\u2019han pogut realitzar els treballs amb absoluta normalitat i en els terminis previstos.<\/p>\n<p>La interrupci\u00f3 del servei al tram de l\u2019L2 ha perm\u00e8s executar obres de millora que s\u00f3n incompatibles amb la circulaci\u00f3 de trens. En concret, s\u2019ha renovat la via en diferents trams, amb una longitud total d\u2019uns 1.500 metres, mitjan\u00e7ant la substituci\u00f3 de carrils i de les fixacions actuals per unes de noves que ofereixen unes prestacions mec\u00e0niques millors. El pressupost de l\u2019actuaci\u00f3 \u00e9s de 2,5 milions d\u2019euros.<\/p>\n<p>Pel que fa a l\u2019L5, les obres estan relacionades amb la futura estaci\u00f3 d\u2019Ernest Lluch. El pressupost d\u2019aquesta actuaci\u00f3 per a posar en funcionament l\u2019estaci\u00f3, amb un termini total d\u2019execuci\u00f3 de 24 mesos, s\u2019eleva a 15 milions d\u2019euros.<\/p>\n","protected":false},"excerpt":{"rendered":"<p>30\/08\/2019 \u00b7 El tram Paral\u00b7lel &#8211; Sagrada Fam\u00edlia de l\u2019L2 recuperar\u00e0 la normalitat dem\u00e0 a les 5 del mat\u00ed, tal<\/p>\n","protected":false},"author":4,"featured_media":0,"comment_status":"closed","ping_status":"open","sticky":false,"template":"","format":"standard","meta":{"footnotes":""},"categories":[],"tags":[35,800,43,73,19,190,124,125,109,225,583,56],"class_list":["post-28598","post","type-post","status-publish","format-standard","hentry","tag-barcelona","tag-esplugues-de-llobregat","tag-estacions","tag-generalitat-de-catalunya-territori-i-sostenibilitat","tag-infraestructures","tag-lhospitalet-de-llobregat","tag-l01-hospital-de-bellvitge-a-fondo","tag-l02-parallel-badalona-pompeu-fabra","tag-l05-vall-dhebron-cornella-centre","tag-metro","tag-restabliment-del-servei","tag-metro-barcelona-tmb","comments-off"],"_links":{"self":[{"href":"https:\/\/www.agrupament.cat\/portal\/wp-json\/wp\/v2\/posts\/28598","targetHints":{"allow":["GET"]}}],"collection":[{"href":"https:\/\/www.agrupament.cat\/portal\/wp-json\/wp\/v2\/posts"}],"about":[{"href":"https:\/\/www.agrupament.cat\/portal\/wp-json\/wp\/v2\/types\/post"}],"author":[{"embeddable":true,"href":"https:\/\/www.agrupament.cat\/portal\/wp-json\/wp\/v2\/users\/4"}],"replies":[{"embeddable":true,"href":"https:\/\/www.agrupament.cat\/portal\/wp-json\/wp\/v2\/comments?post=28598"}],"version-history":[{"count":3,"href":"https:\/\/www.agrupament.cat\/portal\/wp-json\/wp\/v2\/posts\/28598\/revisions"}],"predecessor-version":[{"id":28601,"href":"https:\/\/www.agrupament.cat\/portal\/wp-json\/wp\/v2\/posts\/28598\/revisions\/28601"}],"wp:attachment":[{"href":"https:\/\/www.agrupament.cat\/portal\/wp-json\/wp\/v2\/media?parent=28598"}],"wp:term":[{"taxonomy":"category","embeddable":true,"href":"https:\/\/www.agrupament.cat\/portal\/wp-json\/wp\/v2\/categories?post=28598"},{"taxonomy":"post_tag","embeddable":true,"href":"https:\/\/www.agrupament.cat\/portal\/wp-json\/wp\/v2\/tags?post=28598"}],"curies":[{"name":"wp","href":"https:\/\/api.w.org\/{rel}","templated":true}]}}