{"id":28555,"date":"2019-08-30T08:00:41","date_gmt":"2019-08-30T07:00:41","guid":{"rendered":"http:\/\/www.agrupament.cat\/portal\/?p=28555"},"modified":"2019-08-31T09:24:33","modified_gmt":"2019-08-31T08:24:33","slug":"adif-inicia-obras-de-renovacion-en-cuatro-vias-de-la-estacion-del-norte-de-valencia","status":"publish","type":"post","link":"https:\/\/www.agrupament.cat\/portal\/2019\/08\/adif-inicia-obras-de-renovacion-en-cuatro-vias-de-la-estacion-del-norte-de-valencia\/","title":{"rendered":"Adif inicia obras de renovaci\u00f3n en cuatro v\u00edas de la Estaci\u00f3n del Norte de Valencia"},"content":{"rendered":"<p>Las obras tienen un plazo de ejecuci\u00f3n de dos meses<br \/>\n<strong>\u2022 Suponen una inversi\u00f3n de 464.307,8 euros (IVA incluido) y se desarrollar\u00e1n por fases en las v\u00edas 1, 2, 3 y 4<\/strong><br \/>\n<strong>\u2022 Consisten en la rehabilitaci\u00f3n de las placas de hormig\u00f3n y el balasto sobre el que asienta la v\u00eda, renovaci\u00f3n de carriles y traviesas deteriorada<\/strong><br \/>\n<strong>\u2022 Los trabajos no afectar\u00e1n al tr\u00e1fico ferroviario habitual<\/strong><\/p>\n<p>06\/08\/2019. Adif ha iniciado obras de mejora en cuatro v\u00edas de la Estaci\u00f3n del Norte de Valencia, todas ellas destinadas al estacionamiento de trenes de viajeros en andenes principales, con un presupuesto que asciende a 464.307,8 euros (IVA incluido).<\/p>\n<p>Las obras, que se enmarcan en el programa de mantenimiento de instalaciones ferroviarias, tienen como objetivo mejorar la calidad, nivelaci\u00f3n y prestaciones de las v\u00edas 1, 2, 3 y 4. Se efectuar\u00e1n de manera sucesiva en cada una de las cabeceras de v\u00eda, de modo que el tr\u00e1fico ferroviario no se ver\u00e1 afectado en ning\u00fan momento.<\/p>\n<p>Las obras -incluidas en el cap\u00edtulo de mantenimiento de la red ferroviaria- tienen un plazo de ejecuci\u00f3n de aproximadamente dos meses y han sido adjudicadas a la UTE MIV ESTE.<\/p>\n<p><strong>Las actuaciones m\u00e1s significativas que se llevan a cabo son las siguientes:<\/strong><br \/>\n&#8211; Retirada de las zonas deterioradas de la actual placa de hormig\u00f3n, y sustituci\u00f3n por una nueva capa en la v\u00eda 1.<br \/>\n&#8211; Renovaci\u00f3n del balasto (aporte p\u00e9treo que sirve de asiento a la armadura de la v\u00eda) en las v\u00edas 2, 3 y 4.<br \/>\n&#8211; Instalaci\u00f3n de nuevos carriles y traviesas en zonas con deterioro.<br \/>\n&#8211; Trabajos complementarios de consolidaci\u00f3n, neutralizaci\u00f3n de v\u00eda, soldadura aluminot\u00e9rmica, nivelaci\u00f3n, alineaci\u00f3n y perfilado de la v\u00eda mediante maquinaria espec\u00edfica.<\/p>\n<p>En total, ser\u00e1n renovados alrededor de 2.000 m de v\u00eda, distribuidos en las cuatro v\u00edas mencionadas.<\/p>\n","protected":false},"excerpt":{"rendered":"<p>Las obras tienen un plazo de ejecuci\u00f3n de dos meses \u2022 Suponen una inversi\u00f3n de 464.307,8 euros (IVA incluido) y<\/p>\n","protected":false},"author":4,"featured_media":0,"comment_status":"closed","ping_status":"open","sticky":false,"template":"","format":"standard","meta":{"footnotes":""},"categories":[],"tags":[71,43,19,288],"class_list":["post-28555","post","type-post","status-publish","format-standard","hentry","tag-adif","tag-estacions","tag-infraestructures","tag-valencia-nord","comments-off"],"_links":{"self":[{"href":"https:\/\/www.agrupament.cat\/portal\/wp-json\/wp\/v2\/posts\/28555","targetHints":{"allow":["GET"]}}],"collection":[{"href":"https:\/\/www.agrupament.cat\/portal\/wp-json\/wp\/v2\/posts"}],"about":[{"href":"https:\/\/www.agrupament.cat\/portal\/wp-json\/wp\/v2\/types\/post"}],"author":[{"embeddable":true,"href":"https:\/\/www.agrupament.cat\/portal\/wp-json\/wp\/v2\/users\/4"}],"replies":[{"embeddable":true,"href":"https:\/\/www.agrupament.cat\/portal\/wp-json\/wp\/v2\/comments?post=28555"}],"version-history":[{"count":1,"href":"https:\/\/www.agrupament.cat\/portal\/wp-json\/wp\/v2\/posts\/28555\/revisions"}],"predecessor-version":[{"id":28556,"href":"https:\/\/www.agrupament.cat\/portal\/wp-json\/wp\/v2\/posts\/28555\/revisions\/28556"}],"wp:attachment":[{"href":"https:\/\/www.agrupament.cat\/portal\/wp-json\/wp\/v2\/media?parent=28555"}],"wp:term":[{"taxonomy":"category","embeddable":true,"href":"https:\/\/www.agrupament.cat\/portal\/wp-json\/wp\/v2\/categories?post=28555"},{"taxonomy":"post_tag","embeddable":true,"href":"https:\/\/www.agrupament.cat\/portal\/wp-json\/wp\/v2\/tags?post=28555"}],"curies":[{"name":"wp","href":"https:\/\/api.w.org\/{rel}","templated":true}]}}