{"id":28539,"date":"2019-08-30T07:55:14","date_gmt":"2019-08-30T06:55:14","guid":{"rendered":"http:\/\/www.agrupament.cat\/portal\/?p=28539"},"modified":"2019-08-31T09:18:47","modified_gmt":"2019-08-31T08:18:47","slug":"adif-alta-velocidad-licita-las-obras-para-la-implantacion-del-ancho-estandar-en-los-tramos-castellon-vinaros-y-vinaros-vandellos","status":"publish","type":"post","link":"https:\/\/www.agrupament.cat\/portal\/2019\/08\/adif-alta-velocidad-licita-las-obras-para-la-implantacion-del-ancho-estandar-en-los-tramos-castellon-vinaros-y-vinaros-vandellos\/","title":{"rendered":"Adif Alta Velocidad licita las obras para la implantaci\u00f3n del ancho est\u00e1ndar en los tramos Castell\u00f3n-Vinar\u00f3s y Vinar\u00f3s-Vandell\u00f3s"},"content":{"rendered":"<p>Avances en el Corredor Mediterr\u00e1neo<br \/>\n<strong>\u2022 El importe conjunto de ambos contratos supera los 81,7 millones de euros (IVA incluido)<\/strong><br \/>\n<strong>\u2022 Las obras de v\u00eda y electrificaci\u00f3n se efectuar\u00e1n en un trayecto de 157 km<\/strong><\/p>\n<p>31\/07\/2019. El Consejo de Administraci\u00f3n de Adif Alta Velocidad ha aprobado nuevas inversiones para el desarrollo del Corredor Mediterr\u00e1neo en Catalu\u00f1a y la Comunidad Valenciana. Concretamente, se trata de la licitaci\u00f3n de las obras para la implantaci\u00f3n del ancho est\u00e1ndar (1.435 mm) en los tramos Castell\u00f3n-Vinar\u00f3s y Vinar\u00f3s-Vandell\u00f3s.<\/p>\n<p>Los contratos licitados tienen un importe conjunto de 81.798.933,21 millones de euros (IVA incluido) y en ambos casos el plazo de ejecuci\u00f3n es de 18 meses.<\/p>\n<p>El conjunto de estas actuaciones permitir\u00e1 la implantaci\u00f3n del ancho est\u00e1ndar en los tramos referidos del Corredor Mediterr\u00e1neo. De esta manera, se garantiza la explotaci\u00f3n de acuerdo a los par\u00e1metros de interoperabilidad europeos, entre los que destaca la circulaci\u00f3n de trenes de 750 m de longitud, aumentando las prestaciones de capacidad, fiabilidad y disponibilidad, tanto para los tr\u00e1ficos de viajeros como de mercanc\u00edas.<\/p>\n<p><strong>Descripci\u00f3n de las obras<\/strong><br \/>\nLas obras licitadas incluyen el cambio de ancho de v\u00eda convencional (1.668 mm) a ancho est\u00e1ndar en toda la longitud de actuaci\u00f3n entre Castell\u00f3n, Vinar\u00f3s y Vandell\u00f3s mediante el uso de la traviesa polivalente, adaptaci\u00f3n y compatibilidad del sistema de electrificaci\u00f3n.<\/p>\n<p>Consisten en la implantaci\u00f3n de v\u00eda doble en ancho est\u00e1ndar (1.435 mm), tanto en sus v\u00edas generales como en todas aquellas que as\u00ed lo requieran por razones de circulaci\u00f3n (v\u00edas de apartado), adaptando las instalaciones y elementos de la l\u00ednea que sea preciso para la correcta explotaci\u00f3n de la longitud de tren est\u00e1ndar interoperable (750 m).<\/p>\n<p><strong>Las actuaciones se llevar\u00e1n a cabo en 2 fases:<\/strong><br \/>\n1.- Fase I: comprende actuaciones en v\u00eda, ampliaci\u00f3n de v\u00edas de apartado, renovaci\u00f3n de servicios afectados, drenajes, renovaci\u00f3n de armamento de v\u00eda y trabajos de electrificaci\u00f3n para adaptarse a los nuevos esquemas de v\u00eda en ancho ib\u00e9rico y adaptar la catenaria para una futura alimentaci\u00f3n a 25 kV CA.<br \/>\n2.- Fase II: cambio de ancho convencional a est\u00e1ndar.<\/p>\n<p><strong>Tramo Castell\u00f3n-Vinar\u00f3s<\/strong><br \/>\nEl contrato de obras referido al tramo Castell\u00f3n-Vinar\u00f3s se licita por un presupuesto de 48.038.706,83 euros (IVA incluido). Las obras se desarrollar\u00e1n en un tramo de 77 km de longitud. Entre las actuaciones m\u00e1s rese\u00f1ables hay que destacar las siguientes:<br \/>\n&#8211; Adaptaci\u00f3n de v\u00edas de apartado para trenes de 750 m de longitud en las estaciones de Les Palmes, Torreblanca, Santa Magdalena de Pulpis, Benicarl\u00f3-Pe\u00f1\u00edscola y Vinar\u00f3s.<br \/>\n&#8211; Reposici\u00f3n de la pantalla de protecci\u00f3n ac\u00fastica en la estaci\u00f3n de Benicassim.<br \/>\n&#8211; Creaci\u00f3n de rampas en los andenes de las estaciones de Les Palmes, Benicassim, Oropesa del Mar, Torreblanca, Alcal\u00e1 de Xivert, Santa Magdalena de Pulpis, Benicarl\u00f3-Pe\u00f1\u00edscola y Vinar\u00f3s.<br \/>\n&#8211; Construcci\u00f3n de un nuevo and\u00e9n entre las v\u00edas 3 y 5 y prolongaci\u00f3n del paso inferior en la estaci\u00f3n de Vinar\u00f3s. Nueva embocadura de escalera y ascensores.<br \/>\n&#8211; Prolongaci\u00f3n del and\u00e9n en la estaci\u00f3n de Oropesa del Mar.<\/p>\n<p><strong>Tramo Vinar\u00f3s-Vandell\u00f3s<\/strong><br \/>\nEl contrato de obras para el tramo Vinar\u00f3s-Vandell\u00f3s (67 km) se ha licitado por importe de 33.760.226,38 euros (IVA incluido).<\/p>\n<p>Tambi\u00e9n se realizar\u00e1n obras en otros 13 km, correspondiente al ramal L\u2019Aldea-Tortosa, tanto en la via general como en las v\u00edas de apartado.<\/p>\n<p>Asimismo, en la estaci\u00f3n de Ulldecona se adecuar\u00e1 una v\u00eda para disponer de una longitud \u00fatil de 750 m para el estacionamiento de trenes de mercanc\u00edas de ancho est\u00e1ndar.<\/p>\n<p>Entre las actuaciones m\u00e1s rese\u00f1ables destaca el retranqueo y avance de and\u00e9n con nuevas rampas en las estaciones de Ulldecona, L\u2019Aldea-Amposta y L\u2019Ametlla de Mar.<\/p>\n<p><strong>Financiaci\u00f3n europea<\/strong><br \/>\nEstas actuaciones podr\u00e1n ser cofinanciadas por las Ayudas RTE-T (Redes Transeuropeas de Transporte).<br \/>\n\u201cUna manera de hacer Europa\u201d<\/p>\n","protected":false},"excerpt":{"rendered":"<p>Avances en el Corredor Mediterr\u00e1neo \u2022 El importe conjunto de ambos contratos supera los 81,7 millones de euros (IVA incluido)<\/p>\n","protected":false},"author":4,"featured_media":0,"comment_status":"closed","ping_status":"open","sticky":false,"template":"","format":"standard","meta":{"footnotes":""},"categories":[],"tags":[71,786,301,87,19,468,795],"class_list":["post-28539","post","type-post","status-publish","format-standard","hentry","tag-adif","tag-ancho-uic-estandar","tag-castello","tag-corredor-del-mediterrani","tag-infraestructures","tag-vandellos","tag-vinaros","comments-off"],"_links":{"self":[{"href":"https:\/\/www.agrupament.cat\/portal\/wp-json\/wp\/v2\/posts\/28539","targetHints":{"allow":["GET"]}}],"collection":[{"href":"https:\/\/www.agrupament.cat\/portal\/wp-json\/wp\/v2\/posts"}],"about":[{"href":"https:\/\/www.agrupament.cat\/portal\/wp-json\/wp\/v2\/types\/post"}],"author":[{"embeddable":true,"href":"https:\/\/www.agrupament.cat\/portal\/wp-json\/wp\/v2\/users\/4"}],"replies":[{"embeddable":true,"href":"https:\/\/www.agrupament.cat\/portal\/wp-json\/wp\/v2\/comments?post=28539"}],"version-history":[{"count":1,"href":"https:\/\/www.agrupament.cat\/portal\/wp-json\/wp\/v2\/posts\/28539\/revisions"}],"predecessor-version":[{"id":28540,"href":"https:\/\/www.agrupament.cat\/portal\/wp-json\/wp\/v2\/posts\/28539\/revisions\/28540"}],"wp:attachment":[{"href":"https:\/\/www.agrupament.cat\/portal\/wp-json\/wp\/v2\/media?parent=28539"}],"wp:term":[{"taxonomy":"category","embeddable":true,"href":"https:\/\/www.agrupament.cat\/portal\/wp-json\/wp\/v2\/categories?post=28539"},{"taxonomy":"post_tag","embeddable":true,"href":"https:\/\/www.agrupament.cat\/portal\/wp-json\/wp\/v2\/tags?post=28539"}],"curies":[{"name":"wp","href":"https:\/\/api.w.org\/{rel}","templated":true}]}}