{"id":28484,"date":"2019-07-27T10:00:46","date_gmt":"2019-07-27T09:00:46","guid":{"rendered":"http:\/\/www.agrupament.cat\/portal\/?p=28484"},"modified":"2019-07-27T19:05:06","modified_gmt":"2019-07-27T18:05:06","slug":"el-gobierno-autoriza-la-licitacion-de-la-mejora-del-sistema-de-regulacion-del-trafico-ferroviario-en-la-linea-asuncion-universidad-guardo","status":"publish","type":"post","link":"https:\/\/www.agrupament.cat\/portal\/2019\/07\/el-gobierno-autoriza-la-licitacion-de-la-mejora-del-sistema-de-regulacion-del-trafico-ferroviario-en-la-linea-asuncion-universidad-guardo\/","title":{"rendered":"El Gobierno autoriza la licitaci\u00f3n de la mejora del sistema de regulaci\u00f3n del tr\u00e1fico ferroviario en la l\u00ednea Asunci\u00f3n Universidad-Guardo"},"content":{"rendered":"<p>En la provincia de Le\u00f3n<br \/>\n<strong>\u00b7 El control del tr\u00e1fico mediante telemando autom\u00e1tico permitir\u00e1 incrementar la capacidad de la l\u00ednea, as\u00ed como una mayor regularidad en las circulaciones y fiabilidad en las instalaciones.<\/strong><br \/>\n<strong>\u00b7 El contrato, que contempla la sustituci\u00f3n del bloqueo telef\u00f3nico por bloqueos autom\u00e1ticos, tiene un valor estimado que supera los 21 millones de euros (sin IVA).<\/strong><\/p>\n<p>Madrid, 26 de julio de 2019 (Ministerio de Fomento).<br \/>\nEl Consejo de Ministros, en su reuni\u00f3n de hoy, ha autorizado al Ministerio de Fomento a licitar, a trav\u00e9s de Adif, el contrato de supresi\u00f3n del bloqueo telef\u00f3nico en la l\u00ednea de ancho m\u00e9trico entre las estaciones de Asunci\u00f3n Universidad (Le\u00f3n) y Guardo (Palencia). El valor estimado del contrato asciende a 21.572.580,53 euros (sin IVA).<\/p>\n<p>El tramo principal afectado por el proyecto est\u00e1 incluido dentro de la l\u00ednea La Asunci\u00f3n-Universidad\/Aranguren y es explotado en r\u00e9gimen de bloqueo telef\u00f3nico sustentado por diferentes tipos de enclavamientos el\u00e9ctricos y electr\u00f3nicos. Adicionalmente a este tramo principal, se ha incluido tambi\u00e9n en el proyecto la l\u00ednea de Matallana a La Robla.<\/p>\n<p>El objeto de esta actuaci\u00f3n de Adif es el equipamiento de las instalaciones de seguridad y comunicaciones necesarias para sustituir el actual bloqueo telef\u00f3nico del tramo mencionado por bloqueos autom\u00e1ticos regulados por telemando desde el Puesto de Control de Tr\u00e1fico Centralizado (CTC). El proyecto incluye la instalaci\u00f3n de nuevos enclavamientos electr\u00f3nicos en las estaciones de Matallana, La Vecilla, Bo\u00f1ar, la Ercina, Puente Almuhey, La Espina y La Robla, as\u00ed como la adecuaci\u00f3n de los enclavamientos electr\u00f3nicos existentes en La Asunci\u00f3n-Universidad, San Feliz, Cistierna y Guardo al nuevo escenario planteado.<\/p>\n<p>Con estas nuevas instalaciones, se dotar\u00e1 de Bloqueo Autom\u00e1tico en V\u00eda \u00danica (BAU) al tramo La Asunci\u00f3n-Cistierna y de Bloqueo por Liberaci\u00f3n Autom\u00e1tica en V\u00eda \u00danica (BLAU) a los tramos La Robla-Matallana y Cistierna-Guardo.<\/p>\n<p>La instalaci\u00f3n de bloqueos autom\u00e1ticos en la l\u00ednea de ancho m\u00e9trico Le\u00f3n-Guardo y el control de tr\u00e1fico mediante telemando desde el CTC permitir\u00e1 mejoras sustanciales en la explotaci\u00f3n ferroviaria, fundamentalmente una mayor capacidad de la l\u00ednea y regularidad en las circulaciones de los trenes, as\u00ed como una mejora notable de la fiabilidad de las instalaciones.<\/p>\n","protected":false},"excerpt":{"rendered":"<p>En la provincia de Le\u00f3n \u00b7 El control del tr\u00e1fico mediante telemando autom\u00e1tico permitir\u00e1 incrementar la capacidad de la l\u00ednea,<\/p>\n","protected":false},"author":4,"featured_media":0,"comment_status":"closed","ping_status":"open","sticky":false,"template":"","format":"standard","meta":{"footnotes":""},"categories":[],"tags":[71,70,19,117,69,374],"class_list":["post-28484","post","type-post","status-publish","format-standard","hentry","tag-adif","tag-anchometrico","tag-infraestructures","tag-leon","tag-mitva-ministerio-de-fomento","tag-palencia","comments-off"],"_links":{"self":[{"href":"https:\/\/www.agrupament.cat\/portal\/wp-json\/wp\/v2\/posts\/28484","targetHints":{"allow":["GET"]}}],"collection":[{"href":"https:\/\/www.agrupament.cat\/portal\/wp-json\/wp\/v2\/posts"}],"about":[{"href":"https:\/\/www.agrupament.cat\/portal\/wp-json\/wp\/v2\/types\/post"}],"author":[{"embeddable":true,"href":"https:\/\/www.agrupament.cat\/portal\/wp-json\/wp\/v2\/users\/4"}],"replies":[{"embeddable":true,"href":"https:\/\/www.agrupament.cat\/portal\/wp-json\/wp\/v2\/comments?post=28484"}],"version-history":[{"count":1,"href":"https:\/\/www.agrupament.cat\/portal\/wp-json\/wp\/v2\/posts\/28484\/revisions"}],"predecessor-version":[{"id":28485,"href":"https:\/\/www.agrupament.cat\/portal\/wp-json\/wp\/v2\/posts\/28484\/revisions\/28485"}],"wp:attachment":[{"href":"https:\/\/www.agrupament.cat\/portal\/wp-json\/wp\/v2\/media?parent=28484"}],"wp:term":[{"taxonomy":"category","embeddable":true,"href":"https:\/\/www.agrupament.cat\/portal\/wp-json\/wp\/v2\/categories?post=28484"},{"taxonomy":"post_tag","embeddable":true,"href":"https:\/\/www.agrupament.cat\/portal\/wp-json\/wp\/v2\/tags?post=28484"}],"curies":[{"name":"wp","href":"https:\/\/api.w.org\/{rel}","templated":true}]}}