{"id":28466,"date":"2019-07-22T15:21:38","date_gmt":"2019-07-22T14:21:38","guid":{"rendered":"http:\/\/www.agrupament.cat\/portal\/?p=28466"},"modified":"2019-07-22T15:22:21","modified_gmt":"2019-07-22T14:22:21","slug":"talls-parcials-al-servei-de-metro-de-les-linies-2-i-5-durant-el-mes-dagost-per-obres","status":"publish","type":"post","link":"https:\/\/www.agrupament.cat\/portal\/2019\/07\/talls-parcials-al-servei-de-metro-de-les-linies-2-i-5-durant-el-mes-dagost-per-obres\/","title":{"rendered":"Talls parcials al servei de metro de les l\u00ednies 2 i 5 durant el mes d&#8217;agost, per obres"},"content":{"rendered":"<p>r<strong>\u00b7 El tram Paral\u00b7lel &#8211; Sagrada Fam\u00edlia (L2) estar\u00e0 fora de servei del 27 de juliol al 30 d\u2019agost per treballs de millora de la infraestructura. Les obres per a la futura estaci\u00f3 d\u2019Ernest Lluch (L5) comportaran la interrupci\u00f3 del servei entre les estacions de Can Vidalet i Collblanc, del 29 de juliol a l\u20191 de setembre<\/strong><\/p>\n<p><strong>\u00b7 Abans i duant els primers dies de les afectacions a la l\u00ednia 2 hi haur\u00e0 pres\u00e8ncia d\u2019informadors a les estacions afectades per orientar els ciutadans sobre els millors recorreguts alternatius.Aquest estiu el departament de Territori i Sostenibilitat de la Generalitat de Catalunya executar\u00e0 dues actuacions en la infraestructura del metro de Barcelona que comportaran suspensions parcials del servei durant cinc setmanes. L\u2019alteraci\u00f3 del servei en aquestes l\u00ednies s\u2019ha concentrat en el m\u00ednim de temps i s\u2019ha planificat coincidint amb l\u2019\u00e8poca de l\u2019any amb menys mobilitat urbana, per reduir les mol\u00e8sties als usuaris, que estan sent informats per tots els canals disponibles des de divendres passat.<\/strong><\/p>\n<p><strong>Concretament, les afectacions del servei seran:<\/strong><br \/>\n<span style=\"color: #800080;\"><strong>L\u00ednia\u00a02<\/strong><\/span>, entre Paral\u00b7lel i Sagrada Fam\u00edlia: el servei quedar\u00e0 interromput entre aquestes estacions del 27 de juliol al 30 d\u2019agost (tots dos inclosos), per treballs de millora de les condicions mec\u00e0niques de la via.<\/p>\n<p><strong><span style=\"color: #0000ff;\">L\u00ednia 5<\/span><\/strong>, entre Can Vidalet i Collblanc: la interrupci\u00f3 del servei ser\u00e0 del 29 de juliol a l\u20191 de setembre (tots dos inclosos), per obres relacionades amb la futura estaci\u00f3 d\u2019Ernest Lluch.<\/p>\n<p>Aquests talls coincideixen en el temps amb l\u2019obra que executa Transports Metropolitans de Barcelona (TMB) i que ja est\u00e0 en marxa, a la l\u00ednia 1, entre les estacions de Clot i Fondo. Fins al 30 d\u2019agost aquest tram est\u00e0 fora de servei pels treballs de renovaci\u00f3 integral de la infraestructura.<\/p>\n<p><strong><span style=\"color: #800080;\">Interrupci\u00f3 parcial del servei a la L2 (del 27 de juliol al 30 d\u2019agost)<\/span><\/strong><br \/>\nDes de dissabte 27 de juliol fins al divendres 30 d\u2019agost (tots dos inclosos), estar\u00e0 fora de servei el tram de la l\u00ednia 2 de metro entre Paral\u00b7lel i Sagrada Fam\u00edlia, de 4,4 quil\u00f2metres de longitud. Per tant, quedaran sense servei sis estacions (Paral\u00b7lel, Sant Antoni, Universitat, Passeig de Gr\u00e0cia, Tetuan, Monumental i Sagrada Fam\u00edlia, que ser\u00e0 terminal provisional de l\u00ednia). La resta de la l\u00ednia 2, entre Sagrada Fam\u00edlia i Badalona Pompeu Fabra, funcionar\u00e0 amb normalitat.<\/p>\n<p><img loading=\"lazy\" decoding=\"async\" class=\"alignleft size-full wp-image-28468\" src=\"http:\/\/www.agrupament.cat\/portal\/wp-content\/uploads\/2019\/07\/TMB-tall_l2-Estiu-2019.png\" alt=\"\" width=\"800\" height=\"381\" srcset=\"https:\/\/www.agrupament.cat\/portal\/wp-content\/uploads\/2019\/07\/TMB-tall_l2-Estiu-2019.png 800w, https:\/\/www.agrupament.cat\/portal\/wp-content\/uploads\/2019\/07\/TMB-tall_l2-Estiu-2019-300x143.png 300w, https:\/\/www.agrupament.cat\/portal\/wp-content\/uploads\/2019\/07\/TMB-tall_l2-Estiu-2019-768x366.png 768w, https:\/\/www.agrupament.cat\/portal\/wp-content\/uploads\/2019\/07\/TMB-tall_l2-Estiu-2019-720x343.png 720w, https:\/\/www.agrupament.cat\/portal\/wp-content\/uploads\/2019\/07\/TMB-tall_l2-Estiu-2019-560x267.png 560w\" sizes=\"auto, (max-width: 800px) 100vw, 800px\" \/><\/p>\n<p>&nbsp;<\/p>\n<p>&nbsp;<\/p>\n<p>&nbsp;<\/p>\n<p>&nbsp;<\/p>\n<p>&nbsp;<\/p>\n<p>&nbsp;<\/p>\n<p>&nbsp;<\/p>\n<p>&nbsp;<\/p>\n<p>&nbsp;<\/p>\n<p>&nbsp;<\/p>\n<p>Com a alternativa de transport, els usuaris poden fer servir les l\u00ednies regulars de bus de TMB D50, H12 i H16, que fan el trajecte totalment o parcialment entre les estacions afectades pel tall, \u00e9s a dir entre Paral\u00b7lel i Sagrada Fam\u00edlia. A m\u00e9s tamb\u00e9 es pot utilitzar la resta de la xarxa de metro, en especial la l\u00ednia 3.<\/p>\n<p>La suspensi\u00f3 del servei durant 35 dies el mes d\u2019agost permetr\u00e0 executar obres de millora que s\u00f3n incompatibles amb la circulaci\u00f3 de trens. En concret, la Generalitat renovar\u00e0 la via en diferents trams, amb una longitud total d\u2019uns 1.500 metres, mitjan\u00e7ant la substituci\u00f3 de carrils i de les fixacions actuals per unes de noves que ofereixen unes prestacions mec\u00e0niques millors. El pressupost de l\u2019actuaci\u00f3 \u00e9s de 2,5 milions d\u2019euros.<\/p>\n<p>Abans i durant els primers dies de les afectacions a la l\u00ednia 2 hi haur\u00e0 pres\u00e8ncia d\u2019informadors a les estacions afectades per orientar els ciutadans sobre els millors recorreguts alternatius.<\/p>\n<p><strong><span style=\"color: #0000ff;\">Interrupci\u00f3 parcial del servei a la L5 (del 29 de juliol a l\u20191 de setembre)<\/span><\/strong><br \/>\nDes del dilluns 29 de juliol fins al diumenge 1 de setembre (tots dos inclosos), estar\u00e0 tancat el tram Can Vidalet &#8211; Collblanc de la l\u00ednia 5 de metro, de 790 metres de longitud. Per tant, quedar\u00e0 sense servei l\u2019estaci\u00f3 de Pubilla Cases. Can Vidalet i Collblanc seran terminals provisionals dels dos trams de l\u00ednia oberts. La resta de la l\u00ednia 5, entre Cornell\u00e0 Centre i Can Vidalet, d\u2019una banda, i de Collblanc a Vall d\u2019Hebron, de l\u2019altra, funcionar\u00e0 amb normalitat.<\/p>\n<p><img loading=\"lazy\" decoding=\"async\" class=\"alignleft size-full wp-image-28467\" src=\"http:\/\/www.agrupament.cat\/portal\/wp-content\/uploads\/2019\/07\/TMB-tall_l5-Estiu-2019.png\" alt=\"\" width=\"800\" height=\"382\" srcset=\"https:\/\/www.agrupament.cat\/portal\/wp-content\/uploads\/2019\/07\/TMB-tall_l5-Estiu-2019.png 800w, https:\/\/www.agrupament.cat\/portal\/wp-content\/uploads\/2019\/07\/TMB-tall_l5-Estiu-2019-300x143.png 300w, https:\/\/www.agrupament.cat\/portal\/wp-content\/uploads\/2019\/07\/TMB-tall_l5-Estiu-2019-768x367.png 768w, https:\/\/www.agrupament.cat\/portal\/wp-content\/uploads\/2019\/07\/TMB-tall_l5-Estiu-2019-720x344.png 720w, https:\/\/www.agrupament.cat\/portal\/wp-content\/uploads\/2019\/07\/TMB-tall_l5-Estiu-2019-560x267.png 560w\" sizes=\"auto, (max-width: 800px) 100vw, 800px\" \/><\/p>\n<p>&nbsp;<\/p>\n<p>&nbsp;<\/p>\n<p>&nbsp;<\/p>\n<p>&nbsp;<\/p>\n<p>&nbsp;<\/p>\n<p>&nbsp;<\/p>\n<p>&nbsp;<\/p>\n<p>&nbsp;<\/p>\n<p>&nbsp;<\/p>\n<p>&nbsp;<\/p>\n<p>La Generalitat dur\u00e0 a terme durant aquests 35 dies treballs relacionats amb la futura estaci\u00f3 d\u2019Ernest Lluch que requereixen la interrupci\u00f3 del servei. El pressupost d\u2019aquesta actuaci\u00f3 per a posar en funcionament l\u2019estaci\u00f3, amb un termini total d\u2019execuci\u00f3 de 24 mesos, s\u2019eleva a 15 milions d\u2019euros.<\/p>\n<p>Per reduir les mol\u00e8sties als usuaris durant l\u2019afectaci\u00f3, s\u2019habilitar\u00e0 un servei especial d\u2019autobusos que cobrir\u00e0 el tram en obres entre Can Vidalet i Collblanc amb parada a l\u2019estaci\u00f3 interm\u00e8dia de Pubilla Cases, que funcionar\u00e0 amb el mateix horari del metro i una capacitat equivalent. Hi ha altres combinacions possibles amb la xarxa de transport ferroviari i de superf\u00edcie existent a la zona.<\/p>\n<p>Abans i durant els primers dies de les afectacions en aquesta l\u00ednia, s\u2019oferir\u00e0 informaci\u00f3 presencial, a l\u2019entorn de les estacions afectades i de les parades on s\u2019ha habilitat el servei de bus substitutori.<\/p>\n","protected":false},"excerpt":{"rendered":"<p>r\u00b7 El tram Paral\u00b7lel &#8211; Sagrada Fam\u00edlia (L2) estar\u00e0 fora de servei del 27 de juliol al 30 d\u2019agost per<\/p>\n","protected":false},"author":4,"featured_media":0,"comment_status":"closed","ping_status":"open","sticky":false,"template":"","format":"standard","meta":{"footnotes":""},"categories":[],"tags":[17,35,800,73,19,190,125,109,225,56],"class_list":["post-28466","post","type-post","status-publish","format-standard","hentry","tag-afectacions-e-incidencies","tag-barcelona","tag-esplugues-de-llobregat","tag-generalitat-de-catalunya-territori-i-sostenibilitat","tag-infraestructures","tag-lhospitalet-de-llobregat","tag-l02-parallel-badalona-pompeu-fabra","tag-l05-vall-dhebron-cornella-centre","tag-metro","tag-metro-barcelona-tmb","comments-off"],"_links":{"self":[{"href":"https:\/\/www.agrupament.cat\/portal\/wp-json\/wp\/v2\/posts\/28466","targetHints":{"allow":["GET"]}}],"collection":[{"href":"https:\/\/www.agrupament.cat\/portal\/wp-json\/wp\/v2\/posts"}],"about":[{"href":"https:\/\/www.agrupament.cat\/portal\/wp-json\/wp\/v2\/types\/post"}],"author":[{"embeddable":true,"href":"https:\/\/www.agrupament.cat\/portal\/wp-json\/wp\/v2\/users\/4"}],"replies":[{"embeddable":true,"href":"https:\/\/www.agrupament.cat\/portal\/wp-json\/wp\/v2\/comments?post=28466"}],"version-history":[{"count":2,"href":"https:\/\/www.agrupament.cat\/portal\/wp-json\/wp\/v2\/posts\/28466\/revisions"}],"predecessor-version":[{"id":28470,"href":"https:\/\/www.agrupament.cat\/portal\/wp-json\/wp\/v2\/posts\/28466\/revisions\/28470"}],"wp:attachment":[{"href":"https:\/\/www.agrupament.cat\/portal\/wp-json\/wp\/v2\/media?parent=28466"}],"wp:term":[{"taxonomy":"category","embeddable":true,"href":"https:\/\/www.agrupament.cat\/portal\/wp-json\/wp\/v2\/categories?post=28466"},{"taxonomy":"post_tag","embeddable":true,"href":"https:\/\/www.agrupament.cat\/portal\/wp-json\/wp\/v2\/tags?post=28466"}],"curies":[{"name":"wp","href":"https:\/\/api.w.org\/{rel}","templated":true}]}}