{"id":28445,"date":"2019-07-18T08:00:47","date_gmt":"2019-07-18T07:00:47","guid":{"rendered":"http:\/\/www.agrupament.cat\/portal\/?p=28445"},"modified":"2019-07-21T19:20:02","modified_gmt":"2019-07-21T18:20:02","slug":"renfe-ofereix-14-000-places-addicionals-per-anar-al-fib-en-trens-de-llarga-distancia-des-de-catalunya","status":"publish","type":"post","link":"https:\/\/www.agrupament.cat\/portal\/2019\/07\/renfe-ofereix-14-000-places-addicionals-per-anar-al-fib-en-trens-de-llarga-distancia-des-de-catalunya\/","title":{"rendered":"Renfe ofereix 14.000 places addicionals per anar al FIB en trens de Llarga Dist\u00e0ncia des de Catalunya"},"content":{"rendered":"<p>Durant el festival s\u2019incrementa el n\u00famero de circulacions amb origen o destinaci\u00f3 Benic\u00e0ssim i Castell\u00f3<br \/>\n<strong>\u00b7 L\u2019oferta de places s\u2019incrementa un 30%<\/strong><br \/>\n<strong>\u00b7 Aquest refor\u00e7 s\u2019allargar\u00e0 fins el proper dimarts 23 de juliol<\/strong><\/p>\n<p>Barcelona, 17 de juliol de 2019<br \/>\nRenfe augmentar\u00e0 amb m\u00e9s de 14.000 places addicionals l\u2019oferta als trens de Llarga Dist\u00e0ncia (Euromed i Talgo) amb motiu de la celebraci\u00f3 del Festival Internacional de M\u00fasica de Benic\u00e0ssim (FIB).<\/p>\n<p>Fins el dimarts 23 de juliol, els trens de Llarga Dist\u00e0ncia del Corredor Mediterrani ampliaran la seva capacitat en un 30% respecte l\u2019oferta habitual.<\/p>\n<p>Durant el festival s\u2019incrementar\u00e0 el n\u00famero de trens de Llarga Dist\u00e0ncia i altres circularan amb l\u2019oferta duplicada amb origen o destinaci\u00f3 Benic\u00e0ssim i Castell\u00f3. Destaca l\u2019increment de l\u2019oferta a trens Talgo amb 9.000 places addicionals i als serveis Euromed amb 5.000 places extra. Segons l\u2019estimaci\u00f3 de demanda els dies de major aflu\u00e8ncia de viatgers s\u00f3n els dies 17, 18 i 22 de juliol.<\/p>\n<p>El tren, a m\u00e9s de font d\u2019inspiraci\u00f3 en multitud de temes musicals, s\u2019ha convertit en el mitj\u00e0 de transport ideal per accedir a actuacions del calibre del FIB.<\/p>\n<p>Per a m\u00e9s informaci\u00f3 sobre horaris es pot consultat al web renfe.com i al tel\u00e8fon 912 320 320<\/p>\n","protected":false},"excerpt":{"rendered":"<p>Durant el festival s\u2019incrementa el n\u00famero de circulacions amb origen o destinaci\u00f3 Benic\u00e0ssim i Castell\u00f3 \u00b7 L\u2019oferta de places s\u2019incrementa<\/p>\n","protected":false},"author":4,"featured_media":28446,"comment_status":"closed","ping_status":"open","sticky":false,"template":"","format":"standard","meta":{"footnotes":""},"categories":[],"tags":[25,35,302,301,479,42,563,72],"class_list":["post-28445","post","type-post","status-publish","format-standard","has-post-thumbnail","hentry","tag-actes-congrtesosi-exposicions-fires-i-formacio","tag-barcelona","tag-benicassim","tag-castello","tag-euromed","tag-llarga-distancia-larga-distancia","tag-reforc-del-servei","tag-renfe-operadora","comments-off"],"_links":{"self":[{"href":"https:\/\/www.agrupament.cat\/portal\/wp-json\/wp\/v2\/posts\/28445","targetHints":{"allow":["GET"]}}],"collection":[{"href":"https:\/\/www.agrupament.cat\/portal\/wp-json\/wp\/v2\/posts"}],"about":[{"href":"https:\/\/www.agrupament.cat\/portal\/wp-json\/wp\/v2\/types\/post"}],"author":[{"embeddable":true,"href":"https:\/\/www.agrupament.cat\/portal\/wp-json\/wp\/v2\/users\/4"}],"replies":[{"embeddable":true,"href":"https:\/\/www.agrupament.cat\/portal\/wp-json\/wp\/v2\/comments?post=28445"}],"version-history":[{"count":1,"href":"https:\/\/www.agrupament.cat\/portal\/wp-json\/wp\/v2\/posts\/28445\/revisions"}],"predecessor-version":[{"id":28447,"href":"https:\/\/www.agrupament.cat\/portal\/wp-json\/wp\/v2\/posts\/28445\/revisions\/28447"}],"wp:featuredmedia":[{"embeddable":true,"href":"https:\/\/www.agrupament.cat\/portal\/wp-json\/wp\/v2\/media\/28446"}],"wp:attachment":[{"href":"https:\/\/www.agrupament.cat\/portal\/wp-json\/wp\/v2\/media?parent=28445"}],"wp:term":[{"taxonomy":"category","embeddable":true,"href":"https:\/\/www.agrupament.cat\/portal\/wp-json\/wp\/v2\/categories?post=28445"},{"taxonomy":"post_tag","embeddable":true,"href":"https:\/\/www.agrupament.cat\/portal\/wp-json\/wp\/v2\/tags?post=28445"}],"curies":[{"name":"wp","href":"https:\/\/api.w.org\/{rel}","templated":true}]}}