{"id":28316,"date":"2019-06-22T06:39:34","date_gmt":"2019-06-22T05:39:34","guid":{"rendered":"http:\/\/www.agrupament.cat\/portal\/?p=28316"},"modified":"2019-06-22T06:39:34","modified_gmt":"2019-06-22T05:39:34","slug":"mas-de-mil-escritores-participan-en-los-premios-del-tren-2019","status":"publish","type":"post","link":"https:\/\/www.agrupament.cat\/portal\/2019\/06\/mas-de-mil-escritores-participan-en-los-premios-del-tren-2019\/","title":{"rendered":"M\u00e1s de mil escritores participan en los Premios del Tren 2019"},"content":{"rendered":"<p><strong>En esta 39\u00aa edici\u00f3n se han presentado en total 989 cuentos y 696 poes\u00edas<\/strong><br \/>\n<strong>Amplia participaci\u00f3n internacional, con autores de 28 pa\u00edses, adem\u00e1s de Espa\u00f1a<\/strong><br \/>\n<strong>El fallo y la entrega de los Premios tendr\u00e1 lugar en octubre<\/strong><\/p>\n<p>En la edici\u00f3n de 2019 de los Premios del Tren competir\u00e1n 1.050 escritores de 29 pa\u00edses, lo que demuestra el inter\u00e9s que siempre despierta este galard\u00f3n. En total se han presentado 1.685 obras: 696 poes\u00edas y 989 cuentos. La dotaci\u00f3n total de los Premios es de 22.000 euros.<\/p>\n<p>Por comunidades aut\u00f3nomas, Madrid, Andaluc\u00eda y Catalu\u00f1a son las que ocupan los puestos principales en n\u00famero de autores presentados. Por lo que respecta al \u00e1mbito internacional, los tres primeros pa\u00edses son Argentina, Cuba y M\u00e9xico.<\/p>\n<p>Hasta el mes de septiembre un Comit\u00e9 de Lectura realizar\u00e1 la selecci\u00f3n de las doce obras finalistas: seis poes\u00edas y seis cuentos. Est\u00e1 previsto que el fallo y la entrega de los Premios del Tren 2019 se produzca en el mes de octubre, alrededor de la fecha en la que se celebra el aniversario del primer ferrocarril de la Pen\u00ednsula, la l\u00ednea Barcelona-Matar\u00f3, que se inaugur\u00f3 el 28 de octubre de 1848.<\/p>\n<p>Las obras finalistas se publicar\u00e1n en el mes de diciembre, en la Colecci\u00f3n Premios del Tren.<\/p>\n<p>Los Premios del Tren \u201cAntonio Machado\u201d de Poes\u00eda y Cuento siguen la larga trayectoria marcada por el Premio de Narraciones Breves &#8220;Antonio Machado&#8221;, instituido por Renfe en 1977 y organizado desde 1985 por la Fundaci\u00f3n de los Ferrocarriles Espa\u00f1oles. En 2002, despu\u00e9s de 25 a\u00f1os del Premio de Narraciones Breves, se convoc\u00f3 la primera edici\u00f3n de los Premios del Tren, \u201cAntonio Machado\u201d de Poes\u00eda y Cuento. Este certamen est\u00e1 consolidado como uno de los m\u00e1s importantes de nuestro pa\u00eds no solo por su dotaci\u00f3n econ\u00f3mica, sino tambi\u00e9n por su gran trayectoria y nivel de premiados del mundo literario espa\u00f1ol e internacional. El concurso est\u00e1 orientado a todos los escritores que incluyan al ferrocarril en su obra.<\/p>\n<p>M\u00e1s informaci\u00f3n: <strong><span style=\"color: #0000ff;\"><a style=\"color: #0000ff;\" href=\"http:\/\/www.premiosdeltren.es\/\">www.premiosdeltren.es<\/a><\/span><\/strong><\/p>\n<p>&nbsp;<\/p>\n","protected":false},"excerpt":{"rendered":"<p>En esta 39\u00aa edici\u00f3n se han presentado en total 989 cuentos y 696 poes\u00edas Amplia participaci\u00f3n internacional, con autores de<\/p>\n","protected":false},"author":4,"featured_media":28317,"comment_status":"closed","ping_status":"open","sticky":false,"template":"","format":"standard","meta":{"footnotes":""},"categories":[],"tags":[25,93,26],"class_list":["post-28316","post","type-post","status-publish","format-standard","has-post-thumbnail","hentry","tag-actes-congrtesosi-exposicions-fires-i-formacio","tag-ffe-fundacion-ferrocarriles-espanoles","tag-publicacions-publicaciones-diris-diarios-revistes-revistas-llibres-libros-tv","comments-off"],"_links":{"self":[{"href":"https:\/\/www.agrupament.cat\/portal\/wp-json\/wp\/v2\/posts\/28316","targetHints":{"allow":["GET"]}}],"collection":[{"href":"https:\/\/www.agrupament.cat\/portal\/wp-json\/wp\/v2\/posts"}],"about":[{"href":"https:\/\/www.agrupament.cat\/portal\/wp-json\/wp\/v2\/types\/post"}],"author":[{"embeddable":true,"href":"https:\/\/www.agrupament.cat\/portal\/wp-json\/wp\/v2\/users\/4"}],"replies":[{"embeddable":true,"href":"https:\/\/www.agrupament.cat\/portal\/wp-json\/wp\/v2\/comments?post=28316"}],"version-history":[{"count":1,"href":"https:\/\/www.agrupament.cat\/portal\/wp-json\/wp\/v2\/posts\/28316\/revisions"}],"predecessor-version":[{"id":28318,"href":"https:\/\/www.agrupament.cat\/portal\/wp-json\/wp\/v2\/posts\/28316\/revisions\/28318"}],"wp:featuredmedia":[{"embeddable":true,"href":"https:\/\/www.agrupament.cat\/portal\/wp-json\/wp\/v2\/media\/28317"}],"wp:attachment":[{"href":"https:\/\/www.agrupament.cat\/portal\/wp-json\/wp\/v2\/media?parent=28316"}],"wp:term":[{"taxonomy":"category","embeddable":true,"href":"https:\/\/www.agrupament.cat\/portal\/wp-json\/wp\/v2\/categories?post=28316"},{"taxonomy":"post_tag","embeddable":true,"href":"https:\/\/www.agrupament.cat\/portal\/wp-json\/wp\/v2\/tags?post=28316"}],"curies":[{"name":"wp","href":"https:\/\/api.w.org\/{rel}","templated":true}]}}