{"id":28300,"date":"2019-06-19T08:00:12","date_gmt":"2019-06-19T07:00:12","guid":{"rendered":"http:\/\/www.agrupament.cat\/portal\/?p=28300"},"modified":"2019-06-20T10:49:31","modified_gmt":"2019-06-20T09:49:31","slug":"catalan-talgo-en-el-corredor-del-mediterrani-dissabte-29-de-juny-de-2019","status":"publish","type":"post","link":"https:\/\/www.agrupament.cat\/portal\/2019\/06\/catalan-talgo-en-el-corredor-del-mediterrani-dissabte-29-de-juny-de-2019\/","title":{"rendered":"Catalan Talgo en el Corredor del Mediterrani, dissabte 29 de juny de 2019"},"content":{"rendered":"<p>L&#8217;associaci\u00f3 &#8220;Amics del Ferrocarril de Badalona \u2013 Agrupaci\u00f3 5\u00aa Zona&#8221; organitza per al proper dissabte 29 de juny de 2019 un viatge amb el Catal\u00e1n Talgo des de l\u2019Estaci\u00f3 de Fran\u00e7a de Barcelona a L\u2019Aldea-Amposta-Tortosa, amb parades a Vilanova, Tarragona, Salou, L\u2019Ametlla de Mar i L\u2019Ampolla.<\/p>\n<p>Circulaci\u00f3 de tren especial \u201cCatal\u00e1n Talgo\u201d<br \/>\n<strong>Viatge amb el Catal\u00e1n Talgo des de l&#8217;Estaci\u00f3 de Fran\u00e7a (Barcelona) a les terres del Ebre.<\/strong><\/p>\n<p>DISSABTE :29\/06\/19 (L\u2019ALDEA-AMPOSTA-TORTOSA)<\/p>\n<p>PARADES A: VILANOVA -TARRAGONA- SALOU- L\u2019ATMETLLA DE MAR- L\u2019AMPOLLA<\/p>\n<p>PREU 37 \u20ac en classe turista i 50 \u20ac en preferent.<\/p>\n<p><strong><span style=\"color: #ff0000;\">Circulaci\u00f3 supeditada a omplir el tren<\/span><\/strong><\/p>\n<p>M\u00e9s informaci\u00f3: <strong><a href=\"http:\/\/www.5azona.cat.\">www.5azona.cat.<\/a><\/strong> Reserves a : catalantalgo@5azona.cat. fins al 21\/6\/19.<\/p>\n<p><span style=\"color: #ff0000;\">Properament m?s informaci\u00f3<\/span><\/p>\n","protected":false},"excerpt":{"rendered":"<p>L&#8217;associaci\u00f3 &#8220;Amics del Ferrocarril de Badalona \u2013 Agrupaci\u00f3 5\u00aa Zona&#8221; organitza per al proper dissabte 29 de juny de 2019<\/p>\n","protected":false},"author":4,"featured_media":28302,"comment_status":"closed","ping_status":"open","sticky":false,"template":"","format":"standard","meta":{"footnotes":""},"categories":[],"tags":[3,388,714,683,32,21,76],"class_list":["post-28300","post","type-post","status-publish","format-standard","has-post-thumbnail","hentry","tag-associacions-federacions-fundacions","tag-barcelona-estacio-de-franca","tag-laldea","tag-lametlla","tag-tarragona","tag-viatges","tag-talgo","comments-off"],"_links":{"self":[{"href":"https:\/\/www.agrupament.cat\/portal\/wp-json\/wp\/v2\/posts\/28300","targetHints":{"allow":["GET"]}}],"collection":[{"href":"https:\/\/www.agrupament.cat\/portal\/wp-json\/wp\/v2\/posts"}],"about":[{"href":"https:\/\/www.agrupament.cat\/portal\/wp-json\/wp\/v2\/types\/post"}],"author":[{"embeddable":true,"href":"https:\/\/www.agrupament.cat\/portal\/wp-json\/wp\/v2\/users\/4"}],"replies":[{"embeddable":true,"href":"https:\/\/www.agrupament.cat\/portal\/wp-json\/wp\/v2\/comments?post=28300"}],"version-history":[{"count":1,"href":"https:\/\/www.agrupament.cat\/portal\/wp-json\/wp\/v2\/posts\/28300\/revisions"}],"predecessor-version":[{"id":28303,"href":"https:\/\/www.agrupament.cat\/portal\/wp-json\/wp\/v2\/posts\/28300\/revisions\/28303"}],"wp:featuredmedia":[{"embeddable":true,"href":"https:\/\/www.agrupament.cat\/portal\/wp-json\/wp\/v2\/media\/28302"}],"wp:attachment":[{"href":"https:\/\/www.agrupament.cat\/portal\/wp-json\/wp\/v2\/media?parent=28300"}],"wp:term":[{"taxonomy":"category","embeddable":true,"href":"https:\/\/www.agrupament.cat\/portal\/wp-json\/wp\/v2\/categories?post=28300"},{"taxonomy":"post_tag","embeddable":true,"href":"https:\/\/www.agrupament.cat\/portal\/wp-json\/wp\/v2\/tags?post=28300"}],"curies":[{"name":"wp","href":"https:\/\/api.w.org\/{rel}","templated":true}]}}