{"id":28291,"date":"2019-06-19T16:16:56","date_gmt":"2019-06-19T15:16:56","guid":{"rendered":"http:\/\/www.agrupament.cat\/portal\/?p=28291"},"modified":"2019-06-19T16:16:56","modified_gmt":"2019-06-19T15:16:56","slug":"renfe-sncf-en-cooperacion-llanca-una-campanya-per-viatjar-a-franca-aquest-estiu-des-de-29-euros","status":"publish","type":"post","link":"https:\/\/www.agrupament.cat\/portal\/2019\/06\/renfe-sncf-en-cooperacion-llanca-una-campanya-per-viatjar-a-franca-aquest-estiu-des-de-29-euros\/","title":{"rendered":"Renfe-SNCF en Cooperaci\u00f3n llan\u00e7a una campanya per viatjar a Fran\u00e7a aquest estiu des de 29 euros"},"content":{"rendered":"<p>Aquests bitllets es podran comprar fins el 21 de juny<br \/>\n<strong>\u00b7 La promoci\u00f3 permetr\u00e0 viatjar entrel\u20191 de juliol al 30 de setembre de 2019 en els trens d\u2019Alta Velocitat a Fran\u00e7a<\/strong><\/p>\n<p>Barcelona, 18 de juny de 2019<br \/>\nRenfe-SNCF en Cooperaci\u00f3n ha posat en marxa una campanya promocional per viatjar aquest estiu a Fran\u00e7a en els trens d\u2019Alta Velocitat. Aquesta campanya est\u00e0 disponible fins el 21 de juny i permet viatjar a Fran\u00e7a des de 29 euros entre l\u20191 de juliol al 30 de setembre en els trens d&#8217;Alta Velocitat que connecten amb el pa\u00eds ve\u00ed.<\/p>\n<p>Aquests preus promocionals estaran disponibles des de Barcelona, Girona o Figueres a partir de 29 euros, en classe Turista, a les ciutats de Nimes, Montpeller, Toulouse i Carcassone i des de 39 a Par\u00eds, Lyon, Valence, Marsella, Aix-en-Provence i Avignon o b\u00e9 des de 40 i 55 euros respectivament per aquelles persones que vulguin viatjar en classe Preferent.<\/p>\n<p>Per accedir a tots aquests preus promocionals per viatjar a Fran\u00e7a, els viatgers podran comprar a trav\u00e9s dels canals habituals de venda renfe.com, estacions i ag\u00e8ncies de viatge.<\/p>\n<p>Durant tot l\u2019any, quatre freq\u00fc\u00e8ncies di\u00e0ries connecten ambd\u00f3s pa\u00efsos, incrementant-se a cinc en primavera i fins a set a la temporada d\u2019estiu.<\/p>\n","protected":false},"excerpt":{"rendered":"<p>Aquests bitllets es podran comprar fins el 21 de juny \u00b7 La promoci\u00f3 permetr\u00e0 viatjar entrel\u20191 de juliol al 30<\/p>\n","protected":false},"author":4,"featured_media":0,"comment_status":"closed","ping_status":"open","sticky":false,"template":"","format":"standard","meta":{"footnotes":""},"categories":[],"tags":[35,214,103,34,509,68],"class_list":["post-28291","post","type-post","status-publish","format-standard","hentry","tag-barcelona","tag-figueres","tag-francia","tag-girona","tag-renfe-sncf-en-cooperacion-en-cooperation","tag-tarifes","comments-off"],"_links":{"self":[{"href":"https:\/\/www.agrupament.cat\/portal\/wp-json\/wp\/v2\/posts\/28291","targetHints":{"allow":["GET"]}}],"collection":[{"href":"https:\/\/www.agrupament.cat\/portal\/wp-json\/wp\/v2\/posts"}],"about":[{"href":"https:\/\/www.agrupament.cat\/portal\/wp-json\/wp\/v2\/types\/post"}],"author":[{"embeddable":true,"href":"https:\/\/www.agrupament.cat\/portal\/wp-json\/wp\/v2\/users\/4"}],"replies":[{"embeddable":true,"href":"https:\/\/www.agrupament.cat\/portal\/wp-json\/wp\/v2\/comments?post=28291"}],"version-history":[{"count":1,"href":"https:\/\/www.agrupament.cat\/portal\/wp-json\/wp\/v2\/posts\/28291\/revisions"}],"predecessor-version":[{"id":28292,"href":"https:\/\/www.agrupament.cat\/portal\/wp-json\/wp\/v2\/posts\/28291\/revisions\/28292"}],"wp:attachment":[{"href":"https:\/\/www.agrupament.cat\/portal\/wp-json\/wp\/v2\/media?parent=28291"}],"wp:term":[{"taxonomy":"category","embeddable":true,"href":"https:\/\/www.agrupament.cat\/portal\/wp-json\/wp\/v2\/categories?post=28291"},{"taxonomy":"post_tag","embeddable":true,"href":"https:\/\/www.agrupament.cat\/portal\/wp-json\/wp\/v2\/tags?post=28291"}],"curies":[{"name":"wp","href":"https:\/\/api.w.org\/{rel}","templated":true}]}}