{"id":28224,"date":"2019-06-08T16:31:49","date_gmt":"2019-06-08T15:31:49","guid":{"rendered":"http:\/\/www.agrupament.cat\/portal\/?p=28224"},"modified":"2019-06-08T16:37:44","modified_gmt":"2019-06-08T15:37:44","slug":"tmb-i-fgc-presenten-la-seva-aposta-per-la-innovacio-a-la-cimera-de-la-uitp-a-estocolm","status":"publish","type":"post","link":"https:\/\/www.agrupament.cat\/portal\/2019\/06\/tmb-i-fgc-presenten-la-seva-aposta-per-la-innovacio-a-la-cimera-de-la-uitp-a-estocolm\/","title":{"rendered":"TMB i FGC presenten la seva aposta per la innovaci\u00f3 a la cimera de la UITP a Estocolm"},"content":{"rendered":"<p>7 de juny del 2019<br \/>\nEls dos operadors compartiran estand, del 9 al 12 de juny, sota el concepte \u2018Una xarxa de transport eficient i sostenible\u2019<br \/>\nTransports Metropolitans de Barcelona (TMB) i Ferrocarrils de la Generalitat de Catalunya (FGC) compartiran espai a l\u2019edici\u00f3 2019 de la trobada que organitza la UITP (Uni\u00f3 Internacional del Transport P\u00fablic).<\/p>\n<p>El <strong><span style=\"color: #ff6600;\"><a style=\"color: #ff6600;\" href=\"https:\/\/uitpsummit.org\">Global Public Transport Summit<\/a> <\/span><\/strong>\u00e9s l\u2019esdeveniment internacional m\u00e9s important sobre aquest tema. A l\u2019estand que els dos operadors tindran a Estocolm (Su\u00e8cia, del 9 al 12 de juny), a m\u00e9s de presentar els seus projectes estrat\u00e8gics per als propers anys, abordaran com l\u2019\u00fas de sistemes intel\u00b7ligents beneficia la planificaci\u00f3 del servei i, per tant, els usuaris.<\/p>\n<p>El lema que presidir\u00e0 l\u2019estand de TMB i FGC ser\u00e0 Una xarxa de transport eficient i sostenible, un concepte que tamb\u00e9 recollir\u00e0 el v\u00eddeo que TMB i FGC han creat respectivament per a la trobada. Aquesta nova cita biennal de la UITP girar\u00e0 al voltant de set grans q\u00fcestions: excel\u00b7l\u00e8ncia en el servei al client; explotar la innovaci\u00f3; planificaci\u00f3 i governan\u00e7a, les claus d\u2019una millor qualitat de la vida a la ciutat; atracci\u00f3 de nous talents i habilitats; la mobilitat com a servei i el nou paradigma de mobilitat combinada; excel\u00b7l\u00e8ncia operativa, i finan\u00e7ament. Els dos operadors catalans centraran la seva participaci\u00f3 en l\u2019aposta per solucions innovadores que contribueixen a optimitzar els serveis. Els aven\u00e7os tecnol\u00f2gics que permeten realitzar un manteniment predictiu, l\u2019expansi\u00f3 de l\u2019automatitzaci\u00f3 de metro i ferrocarril o la transici\u00f3 cap a vehicles no contaminants seran alguns dels temes centrals.<\/p>\n<p><strong>Compartir experi\u00e8ncies i coneixement<\/strong><br \/>\nA banda de la zona d\u2019exposici\u00f3, s\u00f3n les activitats d\u2019intercanvi d\u2019idees i experi\u00e8ncies (en els seus diferents formats) les que atreuen l\u2019inter\u00e8s de la majoria dels visitants internacionals (que van ser m\u00e9s de 13.000 el 2017). TMB aporta cinc ponents al Summit 2019. Seran el conseller delegat, Enric Ca\u00f1as, que parlar\u00e0 sobre Un negoci basat en dades; el director de Projectes estrat\u00e8gics de Metro, Ramon Malla, amb la pon\u00e8ncia Anant m\u00e9s enll\u00e0 dels l\u00edmits de l\u2019automatitzaci\u00f3 del metro amb la digitalitzaci\u00f3; el director de Serveis centrals, Planificaci\u00f3 de l\u2019operaci\u00f3 i Infraestructura de Bus, Josep Mensi\u00f3n, amb el tema Abordar el desafiament de l\u2019explotaci\u00f3 de flotes d\u2019autobusos el\u00e8ctrics; el director d\u2019Innovaci\u00f3, Michael Pellot, que pronunciar\u00e0 la pon\u00e8ncia La recepta per al manteniment i l\u2019operaci\u00f3 del transport p\u00fablic, i Esther Oliva, cap de la L2 de Metro, que far\u00e0 una presentaci\u00f3 (emmarcada en la sessi\u00f3 per a Joves Professionals) sobre la prova pilot amb portes d\u2019andana verticals que TMB est\u00e0 portant a terme a l\u2019estaci\u00f3 de metro de Can Cui\u00e0s (L11).<\/p>\n<p>La representaci\u00f3 d\u2019FGC a la cimera estar\u00e0 encap\u00e7alada pel president de Ferrocarrils, Ricard Font, i pel director general d\u2019FGC i president de la UITP, Pere Calvet, que inaugurar\u00e0 el congr\u00e9s i presidir\u00e0 l\u2019Assemblea General el diumenge dia 9 a la tarda. El president d\u2019FGC, per la seva banda, participar\u00e0 a la sessi\u00f3 dedicada a la seguretat en el transport p\u00fablic, amb el t\u00edtol de Seguretat: l\u2019invariable mantra del transport p\u00fablic, que estar\u00e0 moderada pel director de Planificaci\u00f3 Estrat\u00e8gica i Prospectiva d&#8217;FGC, Carles Casas. Les novetats en recerca, innovaci\u00f3 i desenvolupament les exposar\u00e0 el director d\u2019FGC d\u2019Infraestructura, Albert Tortajada, amb especial atenci\u00f3 als projectes Geotren i 5G. A la sessi\u00f3 dedicada als Joves Professionals del sector hi assistir\u00e0 l\u2019enginyer de l\u2019\u00e0rea d\u2019Infraestructura Bernat Bellavista. Finalment, la directora d\u2019Organitzaci\u00f3 i Persones, Juliana Vilert, participar\u00e0 a la sessi\u00f3 dedicada als reptes de futur en la gesti\u00f3 de les persones que treballen a les empreses de transport p\u00fablic, Les cares del transport p\u00fablic al 2030.<\/p>\n<p><strong>Novetats d\u2019enguany<\/strong><br \/>\nEl congr\u00e9s reconeix en cada edici\u00f3 empreses i institucions que han destacat amb algun dels seus projectes en l\u2019\u00e0mbit del transport. En aquesta edici\u00f3, TMB \u00e9s finalista, en la categoria Disseny de processos i productes amb el sistema NaviLens, que presenta juntament amb la firma Neosistec. Es tracta d\u2019una eina que, combinant una aplicaci\u00f3 m\u00f2bil i les etiquetes que se situen a les parades i estacions de metro i bus, potencia l&#8217;autonomia personal de les persones amb discapacitat visual.<\/p>\n<p>Ferrocarrils de la Generalitat de Catalunya aprofitar\u00e0 la cimera celebrada a Estocolm per donar a con\u00e8ixer dos dels seus projectes m\u00e9s rellevants. D\u2019una banda, el Geotren, una nova iniciativa d\u2019FGC que permet geolocalitzar les seves unitats de tren en temps real.<\/p>\n<p>Mitjan\u00e7ant aquest sistema les persones que viatgen amb Ferrocarrils poden con\u00e8ixer en cada moment en quin punt del seu recorregut es troba un tren, el seu dest\u00ed, les properes parades, el seu compliment horari i el grau d\u2019ocupaci\u00f3. De l\u2019altra, FGC est\u00e0 en fase de proves de la tecnologia 5G, que integrar\u00e0 tots els sistemes de comunicacions per oferir m\u00e9s velocitat de connexi\u00f3 de dispositius m\u00f2bils, de manera m\u00e9s fiable i amb m\u00e9s terminals connectats simult\u00e0niament a la xarxa. D\u2019aquesta manera, el sistema guanyar\u00e0 efici\u00e8ncia i ser\u00e0 m\u00e9s sostenible.<\/p>\n<p>Els organitzadors han previst diverses novetats per a aquesta edici\u00f3. \u00c9s el cas d\u2019un punt de l\u2019exposici\u00f3 que es destinar\u00e0 a empreses start-up, d\u2019una zona per fer proves de conducci\u00f3 d\u2019autobusos el\u00e8ctrics i vehicles aut\u00f2noms i d\u2019un espai habilitat com a circuit ciclista i zona de disseny.<\/p>\n<p>La UITP \u00e9s una organitzaci\u00f3 sense \u00e0nim de lucre que agrupa autoritats de transport p\u00fablic de viatgers, operadors, entitats i prove\u00efdors del sector, i compta amb 1.600 socis procedents de 99 pa\u00efsos. El seu Summit biennal \u00e9s el principal esdeveniment que organitzen a escala global.<\/p>\n","protected":false},"excerpt":{"rendered":"<p>7 de juny del 2019 Els dos operadors compartiran estand, del 9 al 12 de juny, sota el concepte \u2018Una<\/p>\n","protected":false},"author":4,"featured_media":28229,"comment_status":"closed","ping_status":"open","sticky":false,"template":"","format":"standard","meta":{"footnotes":""},"categories":[],"tags":[25,47,73,56,457],"class_list":["post-28224","post","type-post","status-publish","format-standard","has-post-thumbnail","hentry","tag-actes-congrtesosi-exposicions-fires-i-formacio","tag-fgc-ferrocarrils-de-la-generalitat-de-catalunya","tag-generalitat-de-catalunya-territori-i-sostenibilitat","tag-metro-barcelona-tmb","tag-uitp-union-internacional-del-transporte-publico","comments-off"],"_links":{"self":[{"href":"https:\/\/www.agrupament.cat\/portal\/wp-json\/wp\/v2\/posts\/28224","targetHints":{"allow":["GET"]}}],"collection":[{"href":"https:\/\/www.agrupament.cat\/portal\/wp-json\/wp\/v2\/posts"}],"about":[{"href":"https:\/\/www.agrupament.cat\/portal\/wp-json\/wp\/v2\/types\/post"}],"author":[{"embeddable":true,"href":"https:\/\/www.agrupament.cat\/portal\/wp-json\/wp\/v2\/users\/4"}],"replies":[{"embeddable":true,"href":"https:\/\/www.agrupament.cat\/portal\/wp-json\/wp\/v2\/comments?post=28224"}],"version-history":[{"count":2,"href":"https:\/\/www.agrupament.cat\/portal\/wp-json\/wp\/v2\/posts\/28224\/revisions"}],"predecessor-version":[{"id":28226,"href":"https:\/\/www.agrupament.cat\/portal\/wp-json\/wp\/v2\/posts\/28224\/revisions\/28226"}],"wp:featuredmedia":[{"embeddable":true,"href":"https:\/\/www.agrupament.cat\/portal\/wp-json\/wp\/v2\/media\/28229"}],"wp:attachment":[{"href":"https:\/\/www.agrupament.cat\/portal\/wp-json\/wp\/v2\/media?parent=28224"}],"wp:term":[{"taxonomy":"category","embeddable":true,"href":"https:\/\/www.agrupament.cat\/portal\/wp-json\/wp\/v2\/categories?post=28224"},{"taxonomy":"post_tag","embeddable":true,"href":"https:\/\/www.agrupament.cat\/portal\/wp-json\/wp\/v2\/tags?post=28224"}],"curies":[{"name":"wp","href":"https:\/\/api.w.org\/{rel}","templated":true}]}}