{"id":27978,"date":"2019-05-09T10:48:18","date_gmt":"2019-05-09T09:48:18","guid":{"rendered":"http:\/\/www.agrupament.cat\/portal\/?p=27978"},"modified":"2019-05-09T10:48:18","modified_gmt":"2019-05-09T09:48:18","slug":"la-estacion-de-principe-pio-sera-origen-y-destino-de-los-trenes-de-media-distancia-convencional-al-norte-a-partir-del-1-de-junio-de-2019","status":"publish","type":"post","link":"https:\/\/www.agrupament.cat\/portal\/2019\/05\/la-estacion-de-principe-pio-sera-origen-y-destino-de-los-trenes-de-media-distancia-convencional-al-norte-a-partir-del-1-de-junio-de-2019\/","title":{"rendered":"La estaci\u00f3n de Pr\u00edncipe P\u00edo ser\u00e1 origen y destino de los trenes de Media Distancia Convencional al Norte a partir del 1 de junio de 2019"},"content":{"rendered":"<p>8 mayo, 2019.- La estaci\u00f3n de Pr\u00edncipe P\u00edo se va a convertir a partir del pr\u00f3ximo d\u00eda 1 de junio en una mini terminal de viajeros para los clientes de los servicios de Media Distancia Convencional (MDC) que unen Madrid con el Norte de la Pen\u00ednsula. Hasta ahora, algunos de los trenes que sal\u00edan desde la estaci\u00f3n de Chamart\u00edn cambiar\u00e1n su origen\/destino a Pr\u00edncipe P\u00edo, con motivo de las obras que Adif va a acometer en la estaci\u00f3n de Chamart\u00edn y hasta que estas finalicen.<\/p>\n<p><strong>Los servicios de Renfe de MDC afectados son los trenes Madrid\u2013Valladolid\u2013Palencia\/Le\u00f3n, Madrid\u2013Burgos-Vitoria\/San Sebasti\u00e1n\/Ir\u00fan y Madrid\u2013\u00c1vila\/Salamanca. La relaci\u00f3n regional \u00c1vila\u2013El Escorial- Madrid-\u00c1vila (3 trenes por sentido) no se ver\u00e1 afectada y conservar\u00e1 su encaminamiento habitual. Los trenes compartir\u00e1n terminal con el servicio habitual de Cercan\u00edas Madrid.<\/strong><\/p>\n<p>Pr\u00edncipe P\u00edo se est\u00e1 acondicionando con m\u00e1s andenes (se va a construir el de la v\u00eda 5 y a prolongar el de la v\u00eda 7) y nuevos teleindicadores y monitores. Adem\u00e1s, se va a mejorar la se\u00f1al\u00e9tica y la megafon\u00eda. La estaci\u00f3n contar\u00e1 con una nueva zona para la atenci\u00f3n al cliente, con una sala de espera y de venta de billetes para los viajeros de estos servicios p\u00fablicos, una zona de acceso con tornos exclusivo para clientes con billetes de MDC, as\u00ed como con servicio Atendo puntual y un ba\u00f1o adaptado para Personas con Movilidad Reducida (PMR).<\/p>\n","protected":false},"excerpt":{"rendered":"<p>8 mayo, 2019.- La estaci\u00f3n de Pr\u00edncipe P\u00edo se va a convertir a partir del pr\u00f3ximo d\u00eda 1 de junio<\/p>\n","protected":false},"author":4,"featured_media":0,"comment_status":"closed","ping_status":"open","sticky":false,"template":"","format":"standard","meta":{"footnotes":""},"categories":[],"tags":[17,43,19,45,72],"class_list":["post-27978","post","type-post","status-publish","format-standard","hentry","tag-afectacions-e-incidencies","tag-estacions","tag-infraestructures","tag-regionals-media-distancia","tag-renfe-operadora","comments-off"],"_links":{"self":[{"href":"https:\/\/www.agrupament.cat\/portal\/wp-json\/wp\/v2\/posts\/27978","targetHints":{"allow":["GET"]}}],"collection":[{"href":"https:\/\/www.agrupament.cat\/portal\/wp-json\/wp\/v2\/posts"}],"about":[{"href":"https:\/\/www.agrupament.cat\/portal\/wp-json\/wp\/v2\/types\/post"}],"author":[{"embeddable":true,"href":"https:\/\/www.agrupament.cat\/portal\/wp-json\/wp\/v2\/users\/4"}],"replies":[{"embeddable":true,"href":"https:\/\/www.agrupament.cat\/portal\/wp-json\/wp\/v2\/comments?post=27978"}],"version-history":[{"count":1,"href":"https:\/\/www.agrupament.cat\/portal\/wp-json\/wp\/v2\/posts\/27978\/revisions"}],"predecessor-version":[{"id":27979,"href":"https:\/\/www.agrupament.cat\/portal\/wp-json\/wp\/v2\/posts\/27978\/revisions\/27979"}],"wp:attachment":[{"href":"https:\/\/www.agrupament.cat\/portal\/wp-json\/wp\/v2\/media?parent=27978"}],"wp:term":[{"taxonomy":"category","embeddable":true,"href":"https:\/\/www.agrupament.cat\/portal\/wp-json\/wp\/v2\/categories?post=27978"},{"taxonomy":"post_tag","embeddable":true,"href":"https:\/\/www.agrupament.cat\/portal\/wp-json\/wp\/v2\/tags?post=27978"}],"curies":[{"name":"wp","href":"https:\/\/api.w.org\/{rel}","templated":true}]}}